{"id":15031,"date":"2019-12-14T11:09:39","date_gmt":"2019-12-14T11:09:39","guid":{"rendered":"http:\/\/blogdorogeriogomes.com.br\/?p=15031"},"modified":"2019-12-16T09:25:26","modified_gmt":"2019-12-16T09:25:26","slug":"governador-rui-costa-defende-que-lula-tenha-discurso-de-pacificacao-nacional-no-atual-momento-de-polarizacao","status":"publish","type":"post","link":"https:\/\/blogdorogeriogomes.com.br\/noticias\/2019\/12\/governador-rui-costa-defende-que-lula-tenha-discurso-de-pacificacao-nacional-no-atual-momento-de-polarizacao\/","title":{"rendered":"Governador Rui Costa defende que Lula tenha discurso de pacifica\u00e7\u00e3o nacional no atual momento de polariza\u00e7\u00e3o"},"content":{"rendered":"\n<p>O governador da Bahia, Rui Costa (PT), concedeu interessante entrevista ao jornal Folha de S. Paulo, onde aborda o atual cen\u00e1rio de polariza\u00e7\u00e3o entre Bolsonaro e os partidos de esquerda, al\u00e9m dos preju\u00edzos com o discurso ideol\u00f3gico do atual Governo. Rui Costa \u00e9 atualmente um dos nomes de express\u00e3o nacional da esquerda pela boa avalia\u00e7\u00e3o \u00e0 frente do governo baiano.<br>\nConfira alguns trechos:<br>\n&#8220;Acho natural que quem ficou preso um ano injustamente fa\u00e7a declara\u00e7\u00f5es duras. Mas o Lula governou o pa\u00eds durante oito anos como um conciliador. Essa concerta\u00e7\u00e3o, com empres\u00e1rios, trabalhadores, sociedade, fez com que o governo dele fosse de maior desenvolvimento nos \u00faltimos s\u00e9culos. Esse modelo que eu defendo. Acho que ele, independentemente de qualquer quest\u00e3o eleitoral, vai voltar ao leito de ser um conciliador nacional&#8221;.<br>\n&#8220;As pessoas n\u00e3o querem conversar mais. As pessoas estranham quando dois pol\u00edticos advers\u00e1rios conversam. Torcida \u00fanica em est\u00e1dio virou lugar-comum, \u00e9 um retrocesso gigantesco. Isso \u00e9 um mal&#8221;.<br>\n&#8220;Temos de ser diferentes deles. Temos de pregar a pacifica\u00e7\u00e3o do pa\u00eds, cortar a discrimina\u00e7\u00e3o e o \u00f3dio. Antes, as pessoas tinham vergonha de manifestar preconceito. Agora parece que t\u00eam orgulho. Certamente essas pessoas existiam, mas ficavam no arm\u00e1rio. Precisamos que elas voltem para seus arm\u00e1rios.&#8221;<\/p>\n\n\n\n<figure class=\"wp-block-gallery columns-1 is-cropped wp-block-gallery-1 is-layout-flex wp-block-gallery-is-layout-flex\"><ul class=\"blocks-gallery-grid\"><li class=\"blocks-gallery-item\"><figure><img loading=\"lazy\" decoding=\"async\" width=\"718\" height=\"427\" src=\"http:\/\/blogdorogeriogomes.com.br\/wp-content\/uploads\/2019\/12\/images-2019-12-14T075250.240.jpeg\" alt=\"\" data-id=\"15032\" data-full-url=\"http:\/\/blogdorogeriogomes.com.br\/wp-content\/uploads\/2019\/12\/images-2019-12-14T075250.240.jpeg\" data-link=\"http:\/\/blogdorogeriogomes.com.br\/?attachment_id=15032\" class=\"wp-image-15032\" srcset=\"https:\/\/blogdorogeriogomes.com.br\/noticias\/wp-content\/uploads\/2019\/12\/images-2019-12-14T075250.240.jpeg 718w, https:\/\/blogdorogeriogomes.com.br\/noticias\/wp-content\/uploads\/2019\/12\/images-2019-12-14T075250.240-300x178.jpeg 300w\" sizes=\"auto, (max-width: 718px) 100vw, 718px\" \/><\/figure><\/li><\/ul><\/figure>\n","protected":false},"excerpt":{"rendered":"<p>O governador da Bahia, Rui Costa (PT), concedeu interessante entrevista ao jornal Folha de S. Paulo, onde aborda o atual cen\u00e1rio de polariza\u00e7\u00e3o entre Bolsonaro e os partidos de esquerda, al\u00e9m dos preju\u00edzos com o discurso ideol\u00f3gico do atual Governo. Rui Costa \u00e9 atualmente um dos nomes de express\u00e3o nacional da esquerda pela boa avalia\u00e7\u00e3o \u00e0 frente do governo baiano. Confira alguns trechos: &#8220;Acho natural que quem ficou preso um ano injustamente fa\u00e7a declara\u00e7\u00f5es duras. Mas o Lula governou&hellip;<\/p>\n","protected":false},"author":1,"featured_media":15032,"comment_status":"open","ping_status":"open","sticky":false,"template":"","format":"standard","meta":{"footnotes":""},"categories":[1],"tags":[],"class_list":["post-15031","post","type-post","status-publish","format-standard","has-post-thumbnail","hentry","category-noticias"],"_links":{"self":[{"href":"https:\/\/blogdorogeriogomes.com.br\/noticias\/wp-json\/wp\/v2\/posts\/15031","targetHints":{"allow":["GET"]}}],"collection":[{"href":"https:\/\/blogdorogeriogomes.com.br\/noticias\/wp-json\/wp\/v2\/posts"}],"about":[{"href":"https:\/\/blogdorogeriogomes.com.br\/noticias\/wp-json\/wp\/v2\/types\/post"}],"author":[{"embeddable":true,"href":"https:\/\/blogdorogeriogomes.com.br\/noticias\/wp-json\/wp\/v2\/users\/1"}],"replies":[{"embeddable":true,"href":"https:\/\/blogdorogeriogomes.com.br\/noticias\/wp-json\/wp\/v2\/comments?post=15031"}],"version-history":[{"count":1,"href":"https:\/\/blogdorogeriogomes.com.br\/noticias\/wp-json\/wp\/v2\/posts\/15031\/revisions"}],"predecessor-version":[{"id":15033,"href":"https:\/\/blogdorogeriogomes.com.br\/noticias\/wp-json\/wp\/v2\/posts\/15031\/revisions\/15033"}],"wp:featuredmedia":[{"embeddable":true,"href":"https:\/\/blogdorogeriogomes.com.br\/noticias\/wp-json\/wp\/v2\/media\/15032"}],"wp:attachment":[{"href":"https:\/\/blogdorogeriogomes.com.br\/noticias\/wp-json\/wp\/v2\/media?parent=15031"}],"wp:term":[{"taxonomy":"category","embeddable":true,"href":"https:\/\/blogdorogeriogomes.com.br\/noticias\/wp-json\/wp\/v2\/categories?post=15031"},{"taxonomy":"post_tag","embeddable":true,"href":"https:\/\/blogdorogeriogomes.com.br\/noticias\/wp-json\/wp\/v2\/tags?post=15031"}],"curies":[{"name":"wp","href":"https:\/\/api.w.org\/{rel}","templated":true}]}}