{"id":15038,"date":"2019-12-16T08:36:05","date_gmt":"2019-12-16T08:36:05","guid":{"rendered":"http:\/\/blogdorogeriogomes.com.br\/?p=15038"},"modified":"2019-12-16T09:25:14","modified_gmt":"2019-12-16T09:25:14","slug":"audiencia-publica-discute-projeto-de-reforma-da-previdencia-estadual-nesta-segunda-feira","status":"publish","type":"post","link":"https:\/\/blogdorogeriogomes.com.br\/noticias\/2019\/12\/audiencia-publica-discute-projeto-de-reforma-da-previdencia-estadual-nesta-segunda-feira\/","title":{"rendered":"Audi\u00eancia p\u00fablica discute projeto de reforma da Previd\u00eancia Estadual nesta segunda-feira"},"content":{"rendered":"\n<p>O projeto de reforma da Previd\u00eancia Estadual continua tramitando na Assembleia Legislativa do Cear\u00e1, em meio ao embate entre deputados de situa\u00e7\u00e3o e oposi\u00e7\u00e3o. Nesta segunda-feira, dia 16 de dezembro, haver\u00e1 uma audi\u00eancia p\u00fablica para debater as mudan\u00e7as propostas pelo Executivo no sistema de aposentadoria dos servidores p\u00fablicos estaduais. A base do Governo quer votar o projeto at\u00e9 27 de dezembro.<br>\nA reforma regulamenta como deve ficar o c\u00e1lculo do valor da aposentadoria, a taxa\u00e7\u00e3o sobre estas aposentadorias e as regras das pens\u00f5es, al\u00e9m do valor do ped\u00e1gio para servidores que estejam pr\u00f3ximos a idade exigida para se aposentar.  <br>\nTamb\u00e9m ser\u00e3o feitas modifica\u00e7\u00f5es na regra da idade para se aposentar. Com a reforma, a idade para solicitar o benef\u00edcio sai dos atuais 60 anos para homens e 55 anos para mulheres para 65 e 62, respectivamente.<\/p>\n\n\n\n<figure class=\"wp-block-gallery columns-1 is-cropped wp-block-gallery-1 is-layout-flex wp-block-gallery-is-layout-flex\"><ul class=\"blocks-gallery-grid\"><li class=\"blocks-gallery-item\"><figure><img loading=\"lazy\" decoding=\"async\" width=\"677\" height=\"453\" src=\"http:\/\/blogdorogeriogomes.com.br\/wp-content\/uploads\/2019\/12\/images-2019-12-16T052948.401.jpeg\" alt=\"\" data-id=\"15041\" data-full-url=\"http:\/\/blogdorogeriogomes.com.br\/wp-content\/uploads\/2019\/12\/images-2019-12-16T052948.401.jpeg\" data-link=\"http:\/\/blogdorogeriogomes.com.br\/?attachment_id=15041\" class=\"wp-image-15041\" srcset=\"https:\/\/blogdorogeriogomes.com.br\/noticias\/wp-content\/uploads\/2019\/12\/images-2019-12-16T052948.401.jpeg 677w, https:\/\/blogdorogeriogomes.com.br\/noticias\/wp-content\/uploads\/2019\/12\/images-2019-12-16T052948.401-300x201.jpeg 300w\" sizes=\"auto, (max-width: 677px) 100vw, 677px\" \/><\/figure><\/li><\/ul><\/figure>\n","protected":false},"excerpt":{"rendered":"<p>O projeto de reforma da Previd\u00eancia Estadual continua tramitando na Assembleia Legislativa do Cear\u00e1, em meio ao embate entre deputados de situa\u00e7\u00e3o e oposi\u00e7\u00e3o. Nesta segunda-feira, dia 16 de dezembro, haver\u00e1 uma audi\u00eancia p\u00fablica para debater as mudan\u00e7as propostas pelo Executivo no sistema de aposentadoria dos servidores p\u00fablicos estaduais. A base do Governo quer votar o projeto at\u00e9 27 de dezembro. A reforma regulamenta como deve ficar o c\u00e1lculo do valor da aposentadoria, a taxa\u00e7\u00e3o sobre estas aposentadorias e&hellip;<\/p>\n","protected":false},"author":1,"featured_media":15041,"comment_status":"open","ping_status":"open","sticky":false,"template":"","format":"standard","meta":{"footnotes":""},"categories":[1],"tags":[],"class_list":["post-15038","post","type-post","status-publish","format-standard","has-post-thumbnail","hentry","category-noticias"],"_links":{"self":[{"href":"https:\/\/blogdorogeriogomes.com.br\/noticias\/wp-json\/wp\/v2\/posts\/15038","targetHints":{"allow":["GET"]}}],"collection":[{"href":"https:\/\/blogdorogeriogomes.com.br\/noticias\/wp-json\/wp\/v2\/posts"}],"about":[{"href":"https:\/\/blogdorogeriogomes.com.br\/noticias\/wp-json\/wp\/v2\/types\/post"}],"author":[{"embeddable":true,"href":"https:\/\/blogdorogeriogomes.com.br\/noticias\/wp-json\/wp\/v2\/users\/1"}],"replies":[{"embeddable":true,"href":"https:\/\/blogdorogeriogomes.com.br\/noticias\/wp-json\/wp\/v2\/comments?post=15038"}],"version-history":[{"count":1,"href":"https:\/\/blogdorogeriogomes.com.br\/noticias\/wp-json\/wp\/v2\/posts\/15038\/revisions"}],"predecessor-version":[{"id":15042,"href":"https:\/\/blogdorogeriogomes.com.br\/noticias\/wp-json\/wp\/v2\/posts\/15038\/revisions\/15042"}],"wp:featuredmedia":[{"embeddable":true,"href":"https:\/\/blogdorogeriogomes.com.br\/noticias\/wp-json\/wp\/v2\/media\/15041"}],"wp:attachment":[{"href":"https:\/\/blogdorogeriogomes.com.br\/noticias\/wp-json\/wp\/v2\/media?parent=15038"}],"wp:term":[{"taxonomy":"category","embeddable":true,"href":"https:\/\/blogdorogeriogomes.com.br\/noticias\/wp-json\/wp\/v2\/categories?post=15038"},{"taxonomy":"post_tag","embeddable":true,"href":"https:\/\/blogdorogeriogomes.com.br\/noticias\/wp-json\/wp\/v2\/tags?post=15038"}],"curies":[{"name":"wp","href":"https:\/\/api.w.org\/{rel}","templated":true}]}}