{"id":15048,"date":"2019-12-16T21:09:52","date_gmt":"2019-12-16T21:09:52","guid":{"rendered":"http:\/\/blogdorogeriogomes.com.br\/?p=15048"},"modified":"2019-12-17T11:25:19","modified_gmt":"2019-12-17T11:25:19","slug":"sefaz-confirma-reducao-de-429-no-valor-do-ipva-para-2020","status":"publish","type":"post","link":"https:\/\/blogdorogeriogomes.com.br\/noticias\/2019\/12\/sefaz-confirma-reducao-de-429-no-valor-do-ipva-para-2020\/","title":{"rendered":"Sefaz confirma redu\u00e7\u00e3o de 4,29%  no valor do IPVA para 2020"},"content":{"rendered":"\n<p>A Secretaria da Fazenda do Cear\u00e1 anunciou, nesta segunda-feira, dia 16 de dezembro, que o Imposto Sobre a Propriedade de Ve\u00edculos Automotores (IPVA) do pr\u00f3ximo ano ficar\u00e1 4,29% mais baixo em compara\u00e7\u00e3o a 2018. Os contribuintes que efetuarem o pagamento da cota \u00fanica at\u00e9 o dia 31 de janeiro ter\u00e3o desconto de 5%.<br>\nOs propriet\u00e1rios de ve\u00edculos ainda poder\u00e3o parcelar o valor do IPVA 2020 em at\u00e9 cinco vezes, com vencimento nos dias 10 de fevereiro, 10 de mar\u00e7o, 13 de abril, 11 de maio e 10 de junho. A secret\u00e1ria da Fazenda do Cear\u00e1 (Sefaz), Fernanda Pacobahyba (foto), confirmou ainda, nesta segunda-feira, que o programa &#8220;Sua Nota Vale Dinheiro&#8221; dever\u00e1 ser lan\u00e7ado no m\u00eas de mar\u00e7o de 2020. O novo modelo dever\u00e1 ser inspirado no programa utilizado pelo governo estadual do Rio Grande do Norte, o &#8220;Nota Potiguar&#8221;.<\/p>\n\n\n\n<figure class=\"wp-block-gallery columns-1 is-cropped wp-block-gallery-1 is-layout-flex wp-block-gallery-is-layout-flex\"><ul class=\"blocks-gallery-grid\"><li class=\"blocks-gallery-item\"><figure><img loading=\"lazy\" decoding=\"async\" width=\"739\" height=\"415\" src=\"http:\/\/blogdorogeriogomes.com.br\/wp-content\/uploads\/2019\/12\/images-2019-12-16T180507.140.jpeg\" alt=\"\" data-id=\"15050\" data-full-url=\"http:\/\/blogdorogeriogomes.com.br\/wp-content\/uploads\/2019\/12\/images-2019-12-16T180507.140.jpeg\" data-link=\"http:\/\/blogdorogeriogomes.com.br\/?attachment_id=15050\" class=\"wp-image-15050\" srcset=\"https:\/\/blogdorogeriogomes.com.br\/noticias\/wp-content\/uploads\/2019\/12\/images-2019-12-16T180507.140.jpeg 739w, https:\/\/blogdorogeriogomes.com.br\/noticias\/wp-content\/uploads\/2019\/12\/images-2019-12-16T180507.140-300x168.jpeg 300w\" sizes=\"auto, (max-width: 739px) 100vw, 739px\" \/><\/figure><\/li><\/ul><\/figure>\n","protected":false},"excerpt":{"rendered":"<p>A Secretaria da Fazenda do Cear\u00e1 anunciou, nesta segunda-feira, dia 16 de dezembro, que o Imposto Sobre a Propriedade de Ve\u00edculos Automotores (IPVA) do pr\u00f3ximo ano ficar\u00e1 4,29% mais baixo em compara\u00e7\u00e3o a 2018. Os contribuintes que efetuarem o pagamento da cota \u00fanica at\u00e9 o dia 31 de janeiro ter\u00e3o desconto de 5%. Os propriet\u00e1rios de ve\u00edculos ainda poder\u00e3o parcelar o valor do IPVA 2020 em at\u00e9 cinco vezes, com vencimento nos dias 10 de fevereiro, 10 de mar\u00e7o,&hellip;<\/p>\n","protected":false},"author":1,"featured_media":15050,"comment_status":"open","ping_status":"open","sticky":false,"template":"","format":"standard","meta":{"footnotes":""},"categories":[1],"tags":[],"class_list":["post-15048","post","type-post","status-publish","format-standard","has-post-thumbnail","hentry","category-noticias"],"_links":{"self":[{"href":"https:\/\/blogdorogeriogomes.com.br\/noticias\/wp-json\/wp\/v2\/posts\/15048","targetHints":{"allow":["GET"]}}],"collection":[{"href":"https:\/\/blogdorogeriogomes.com.br\/noticias\/wp-json\/wp\/v2\/posts"}],"about":[{"href":"https:\/\/blogdorogeriogomes.com.br\/noticias\/wp-json\/wp\/v2\/types\/post"}],"author":[{"embeddable":true,"href":"https:\/\/blogdorogeriogomes.com.br\/noticias\/wp-json\/wp\/v2\/users\/1"}],"replies":[{"embeddable":true,"href":"https:\/\/blogdorogeriogomes.com.br\/noticias\/wp-json\/wp\/v2\/comments?post=15048"}],"version-history":[{"count":1,"href":"https:\/\/blogdorogeriogomes.com.br\/noticias\/wp-json\/wp\/v2\/posts\/15048\/revisions"}],"predecessor-version":[{"id":15051,"href":"https:\/\/blogdorogeriogomes.com.br\/noticias\/wp-json\/wp\/v2\/posts\/15048\/revisions\/15051"}],"wp:featuredmedia":[{"embeddable":true,"href":"https:\/\/blogdorogeriogomes.com.br\/noticias\/wp-json\/wp\/v2\/media\/15050"}],"wp:attachment":[{"href":"https:\/\/blogdorogeriogomes.com.br\/noticias\/wp-json\/wp\/v2\/media?parent=15048"}],"wp:term":[{"taxonomy":"category","embeddable":true,"href":"https:\/\/blogdorogeriogomes.com.br\/noticias\/wp-json\/wp\/v2\/categories?post=15048"},{"taxonomy":"post_tag","embeddable":true,"href":"https:\/\/blogdorogeriogomes.com.br\/noticias\/wp-json\/wp\/v2\/tags?post=15048"}],"curies":[{"name":"wp","href":"https:\/\/api.w.org\/{rel}","templated":true}]}}