{"id":15058,"date":"2019-12-17T08:33:33","date_gmt":"2019-12-17T08:33:33","guid":{"rendered":"http:\/\/blogdorogeriogomes.com.br\/?p=15058"},"modified":"2019-12-17T11:25:24","modified_gmt":"2019-12-17T11:25:24","slug":"mensagens-do-executivo-devem-ser-votadas-nesta-terca-feira-na-camara-municipal-de-fortaleza","status":"publish","type":"post","link":"https:\/\/blogdorogeriogomes.com.br\/noticias\/2019\/12\/mensagens-do-executivo-devem-ser-votadas-nesta-terca-feira-na-camara-municipal-de-fortaleza\/","title":{"rendered":"Mensagens do Executivo devem ser votadas nesta ter\u00e7a-feira na C\u00e2mara Municipal de Fortaleza"},"content":{"rendered":"\n<p>A C\u00e2mara Municipal de Fortaleza deve votar, nesta ter\u00e7a-feira, dia 17 de novembro, sete dos oito projetos enviados pela Prefeitura na reta final dos trabalhos legislativos de 2019. Mesmo com a oposi\u00e7\u00e3o se posicionando contra, a base do prefeito Roberto Cl\u00e1udio conseguiu aprovar o regime de urg\u00eancia para a vota\u00e7\u00e3o das mat\u00e9rias.<br>\nEntre as mensagens mais pol\u00eamicas est\u00e3o as que tratam da nova organiza\u00e7\u00e3o administrativa para a Capital, que aumenta o n\u00famero de Regionais de seis para 12 SERs, e outra que altera as verbas do or\u00e7amento do Munic\u00edpio. Como a base tem maioria na Casa, n\u00e3o deve haver dificuldade na aprova\u00e7\u00e3o das mat\u00e9rias.<\/p>\n\n\n\n<figure class=\"wp-block-gallery columns-1 is-cropped wp-block-gallery-1 is-layout-flex wp-block-gallery-is-layout-flex\"><ul class=\"blocks-gallery-grid\"><li class=\"blocks-gallery-item\"><figure><img loading=\"lazy\" decoding=\"async\" width=\"800\" height=\"534\" src=\"http:\/\/blogdorogeriogomes.com.br\/wp-content\/uploads\/2019\/12\/49228694032_d1d81f3b28_c.jpg\" alt=\"\" data-id=\"15059\" data-full-url=\"http:\/\/blogdorogeriogomes.com.br\/wp-content\/uploads\/2019\/12\/49228694032_d1d81f3b28_c.jpg\" data-link=\"http:\/\/blogdorogeriogomes.com.br\/?attachment_id=15059\" class=\"wp-image-15059\" srcset=\"https:\/\/blogdorogeriogomes.com.br\/noticias\/wp-content\/uploads\/2019\/12\/49228694032_d1d81f3b28_c.jpg 800w, https:\/\/blogdorogeriogomes.com.br\/noticias\/wp-content\/uploads\/2019\/12\/49228694032_d1d81f3b28_c-300x200.jpg 300w, https:\/\/blogdorogeriogomes.com.br\/noticias\/wp-content\/uploads\/2019\/12\/49228694032_d1d81f3b28_c-768x513.jpg 768w\" sizes=\"auto, (max-width: 800px) 100vw, 800px\" \/><\/figure><\/li><\/ul><\/figure>\n","protected":false},"excerpt":{"rendered":"<p>A C\u00e2mara Municipal de Fortaleza deve votar, nesta ter\u00e7a-feira, dia 17 de novembro, sete dos oito projetos enviados pela Prefeitura na reta final dos trabalhos legislativos de 2019. Mesmo com a oposi\u00e7\u00e3o se posicionando contra, a base do prefeito Roberto Cl\u00e1udio conseguiu aprovar o regime de urg\u00eancia para a vota\u00e7\u00e3o das mat\u00e9rias. Entre as mensagens mais pol\u00eamicas est\u00e3o as que tratam da nova organiza\u00e7\u00e3o administrativa para a Capital, que aumenta o n\u00famero de Regionais de seis para 12 SERs,&hellip;<\/p>\n","protected":false},"author":1,"featured_media":15059,"comment_status":"open","ping_status":"open","sticky":false,"template":"","format":"standard","meta":{"footnotes":""},"categories":[1],"tags":[],"class_list":["post-15058","post","type-post","status-publish","format-standard","has-post-thumbnail","hentry","category-noticias"],"_links":{"self":[{"href":"https:\/\/blogdorogeriogomes.com.br\/noticias\/wp-json\/wp\/v2\/posts\/15058","targetHints":{"allow":["GET"]}}],"collection":[{"href":"https:\/\/blogdorogeriogomes.com.br\/noticias\/wp-json\/wp\/v2\/posts"}],"about":[{"href":"https:\/\/blogdorogeriogomes.com.br\/noticias\/wp-json\/wp\/v2\/types\/post"}],"author":[{"embeddable":true,"href":"https:\/\/blogdorogeriogomes.com.br\/noticias\/wp-json\/wp\/v2\/users\/1"}],"replies":[{"embeddable":true,"href":"https:\/\/blogdorogeriogomes.com.br\/noticias\/wp-json\/wp\/v2\/comments?post=15058"}],"version-history":[{"count":1,"href":"https:\/\/blogdorogeriogomes.com.br\/noticias\/wp-json\/wp\/v2\/posts\/15058\/revisions"}],"predecessor-version":[{"id":15060,"href":"https:\/\/blogdorogeriogomes.com.br\/noticias\/wp-json\/wp\/v2\/posts\/15058\/revisions\/15060"}],"wp:featuredmedia":[{"embeddable":true,"href":"https:\/\/blogdorogeriogomes.com.br\/noticias\/wp-json\/wp\/v2\/media\/15059"}],"wp:attachment":[{"href":"https:\/\/blogdorogeriogomes.com.br\/noticias\/wp-json\/wp\/v2\/media?parent=15058"}],"wp:term":[{"taxonomy":"category","embeddable":true,"href":"https:\/\/blogdorogeriogomes.com.br\/noticias\/wp-json\/wp\/v2\/categories?post=15058"},{"taxonomy":"post_tag","embeddable":true,"href":"https:\/\/blogdorogeriogomes.com.br\/noticias\/wp-json\/wp\/v2\/tags?post=15058"}],"curies":[{"name":"wp","href":"https:\/\/api.w.org\/{rel}","templated":true}]}}