{"id":15064,"date":"2019-12-17T20:20:37","date_gmt":"2019-12-17T20:20:37","guid":{"rendered":"http:\/\/blogdorogeriogomes.com.br\/?p=15064"},"modified":"2019-12-17T22:09:50","modified_gmt":"2019-12-17T22:09:50","slug":"camilo-santana-confirma-25-novas-escolas-de-tempo-integral-no-ceara-em-2020","status":"publish","type":"post","link":"https:\/\/blogdorogeriogomes.com.br\/noticias\/2019\/12\/camilo-santana-confirma-25-novas-escolas-de-tempo-integral-no-ceara-em-2020\/","title":{"rendered":"Camilo Santana confirma 25 novas escolas de tempo integral no Cear\u00e1 em 2020"},"content":{"rendered":"\n<p>O Governo do Cear\u00e1 confirma que, em 2020, o Estado vai ganhar mais 25 escolas de ensino m\u00e9dio em tempo integral. O an\u00fancio foi feito pelo governador Camilo Santana, nesta ter\u00e7a-feira, dia 17 de dezembro, pelas redes sociais. \u201cO Minist\u00e9rio da Educa\u00e7\u00e3o paga cerca de R$ 2 mil por cada aluno matriculado, e o Estado complementa com o valor necess\u00e1rio para garantir a integralidade do ensino\u201d, explicou Camilo.<br> Os munic\u00edpios a serem contemplados s\u00e3o Paracuru, Morrinhos, Acara\u00fa, Tiangu\u00e1, Massap\u00e9, Sobral (duas unidades), Irau\u00e7uba, Varjota, Quixad\u00e1, Ipaporanga, Poranga, Momba\u00e7a, Parambu, Cari\u00fas, V\u00e1rzea Alegre, Jardim, Mauriti, Aboiara, Penaforte, Jati, Fortaleza, Juc\u00e1s e Assar\u00e9.<br> O Cear\u00e1 conta hoje com 130 escolas de ensino regular em tempo integral e, pr\u00f3ximo ano, vai passar para 155. O Estado tem ainda outras 122 escolas profissionalizantes, totalizando 277 unidades de ensino nessas duas categorias no ano que vem.<\/p>\n\n\n\n<figure class=\"wp-block-gallery columns-1 is-cropped wp-block-gallery-1 is-layout-flex wp-block-gallery-is-layout-flex\"><ul class=\"blocks-gallery-grid\"><li class=\"blocks-gallery-item\"><figure><img loading=\"lazy\" decoding=\"async\" width=\"768\" height=\"513\" src=\"http:\/\/blogdorogeriogomes.com.br\/wp-content\/uploads\/2019\/12\/IMG_20191217_171510_935.jpg\" alt=\"\" data-id=\"15065\" data-full-url=\"http:\/\/blogdorogeriogomes.com.br\/wp-content\/uploads\/2019\/12\/IMG_20191217_171510_935.jpg\" data-link=\"http:\/\/blogdorogeriogomes.com.br\/?attachment_id=15065\" class=\"wp-image-15065\" srcset=\"https:\/\/blogdorogeriogomes.com.br\/noticias\/wp-content\/uploads\/2019\/12\/IMG_20191217_171510_935.jpg 768w, https:\/\/blogdorogeriogomes.com.br\/noticias\/wp-content\/uploads\/2019\/12\/IMG_20191217_171510_935-300x200.jpg 300w\" sizes=\"auto, (max-width: 768px) 100vw, 768px\" \/><\/figure><\/li><\/ul><\/figure>\n","protected":false},"excerpt":{"rendered":"<p>O Governo do Cear\u00e1 confirma que, em 2020, o Estado vai ganhar mais 25 escolas de ensino m\u00e9dio em tempo integral. O an\u00fancio foi feito pelo governador Camilo Santana, nesta ter\u00e7a-feira, dia 17 de dezembro, pelas redes sociais. \u201cO Minist\u00e9rio da Educa\u00e7\u00e3o paga cerca de R$ 2 mil por cada aluno matriculado, e o Estado complementa com o valor necess\u00e1rio para garantir a integralidade do ensino\u201d, explicou Camilo. Os munic\u00edpios a serem contemplados s\u00e3o Paracuru, Morrinhos, Acara\u00fa, Tiangu\u00e1, Massap\u00e9,&hellip;<\/p>\n","protected":false},"author":1,"featured_media":15065,"comment_status":"open","ping_status":"open","sticky":false,"template":"","format":"standard","meta":{"footnotes":""},"categories":[1],"tags":[],"class_list":["post-15064","post","type-post","status-publish","format-standard","has-post-thumbnail","hentry","category-noticias"],"_links":{"self":[{"href":"https:\/\/blogdorogeriogomes.com.br\/noticias\/wp-json\/wp\/v2\/posts\/15064","targetHints":{"allow":["GET"]}}],"collection":[{"href":"https:\/\/blogdorogeriogomes.com.br\/noticias\/wp-json\/wp\/v2\/posts"}],"about":[{"href":"https:\/\/blogdorogeriogomes.com.br\/noticias\/wp-json\/wp\/v2\/types\/post"}],"author":[{"embeddable":true,"href":"https:\/\/blogdorogeriogomes.com.br\/noticias\/wp-json\/wp\/v2\/users\/1"}],"replies":[{"embeddable":true,"href":"https:\/\/blogdorogeriogomes.com.br\/noticias\/wp-json\/wp\/v2\/comments?post=15064"}],"version-history":[{"count":1,"href":"https:\/\/blogdorogeriogomes.com.br\/noticias\/wp-json\/wp\/v2\/posts\/15064\/revisions"}],"predecessor-version":[{"id":15066,"href":"https:\/\/blogdorogeriogomes.com.br\/noticias\/wp-json\/wp\/v2\/posts\/15064\/revisions\/15066"}],"wp:featuredmedia":[{"embeddable":true,"href":"https:\/\/blogdorogeriogomes.com.br\/noticias\/wp-json\/wp\/v2\/media\/15065"}],"wp:attachment":[{"href":"https:\/\/blogdorogeriogomes.com.br\/noticias\/wp-json\/wp\/v2\/media?parent=15064"}],"wp:term":[{"taxonomy":"category","embeddable":true,"href":"https:\/\/blogdorogeriogomes.com.br\/noticias\/wp-json\/wp\/v2\/categories?post=15064"},{"taxonomy":"post_tag","embeddable":true,"href":"https:\/\/blogdorogeriogomes.com.br\/noticias\/wp-json\/wp\/v2\/tags?post=15064"}],"curies":[{"name":"wp","href":"https:\/\/api.w.org\/{rel}","templated":true}]}}