{"id":15067,"date":"2019-12-17T20:36:28","date_gmt":"2019-12-17T20:36:28","guid":{"rendered":"http:\/\/blogdorogeriogomes.com.br\/?p=15067"},"modified":"2019-12-17T22:09:29","modified_gmt":"2019-12-17T22:09:29","slug":"profetas-da-chuva-se-reunem-para-tracar-previsoes-sobre-a-quadra-invernosa-de-2020","status":"publish","type":"post","link":"https:\/\/blogdorogeriogomes.com.br\/noticias\/2019\/12\/profetas-da-chuva-se-reunem-para-tracar-previsoes-sobre-a-quadra-invernosa-de-2020\/","title":{"rendered":"Profetas da chuva se re\u00fanem para tra\u00e7ar previs\u00f5es sobre a quadra invernosa de 2020"},"content":{"rendered":"\n<p>Enquanto a Funceme s\u00f3 deve se pronunciar sobre a quadra chuvosa de 2020 no in\u00edcio de janeiro, os profetas da chuva do interior do Cear\u00e1 se re\u00fanem, nesta sexta-feira, dia 20 de dezembro, e s\u00e1bado, 21, em Tau\u00e1, para realizar suas previs\u00f5es para o pr\u00f3ximo ano. Ser\u00e1 a 4\u00aa edi\u00e7\u00e3o do Encontro dos Profetas da Chuva dos Inhamuns. Os profetas s\u00e3o moradores da zona rural que criam previs\u00f5es a partir do que observam sobre a natureza.<br>\nA quadra chuvosa oficial no Cear\u00e1 come\u00e7a em fevereiro e vai at\u00e9 maio de 2020. A grande expectativa entre os moradores do interior e tamb\u00e9m da Capital \u00e9 que boas chuvas venham garantir o reabastecimento dos a\u00e7udes, respons\u00e1veis pelo fornecimento de \u00e1gua para os munic\u00edpios.<\/p>\n\n\n\n<figure class=\"wp-block-gallery columns-1 is-cropped wp-block-gallery-1 is-layout-flex wp-block-gallery-is-layout-flex\"><ul class=\"blocks-gallery-grid\"><li class=\"blocks-gallery-item\"><figure><img loading=\"lazy\" decoding=\"async\" width=\"682\" height=\"449\" src=\"http:\/\/blogdorogeriogomes.com.br\/wp-content\/uploads\/2019\/12\/IMG_20191217_173217_618.jpg\" alt=\"\" data-id=\"15068\" data-full-url=\"http:\/\/blogdorogeriogomes.com.br\/wp-content\/uploads\/2019\/12\/IMG_20191217_173217_618.jpg\" data-link=\"http:\/\/blogdorogeriogomes.com.br\/?attachment_id=15068\" class=\"wp-image-15068\" srcset=\"https:\/\/blogdorogeriogomes.com.br\/noticias\/wp-content\/uploads\/2019\/12\/IMG_20191217_173217_618.jpg 682w, https:\/\/blogdorogeriogomes.com.br\/noticias\/wp-content\/uploads\/2019\/12\/IMG_20191217_173217_618-300x198.jpg 300w\" sizes=\"auto, (max-width: 682px) 100vw, 682px\" \/><\/figure><\/li><\/ul><\/figure>\n","protected":false},"excerpt":{"rendered":"<p>Enquanto a Funceme s\u00f3 deve se pronunciar sobre a quadra chuvosa de 2020 no in\u00edcio de janeiro, os profetas da chuva do interior do Cear\u00e1 se re\u00fanem, nesta sexta-feira, dia 20 de dezembro, e s\u00e1bado, 21, em Tau\u00e1, para realizar suas previs\u00f5es para o pr\u00f3ximo ano. Ser\u00e1 a 4\u00aa edi\u00e7\u00e3o do Encontro dos Profetas da Chuva dos Inhamuns. Os profetas s\u00e3o moradores da zona rural que criam previs\u00f5es a partir do que observam sobre a natureza. A quadra chuvosa&hellip;<\/p>\n","protected":false},"author":1,"featured_media":15068,"comment_status":"open","ping_status":"open","sticky":false,"template":"","format":"standard","meta":{"footnotes":""},"categories":[1],"tags":[],"class_list":["post-15067","post","type-post","status-publish","format-standard","has-post-thumbnail","hentry","category-noticias"],"_links":{"self":[{"href":"https:\/\/blogdorogeriogomes.com.br\/noticias\/wp-json\/wp\/v2\/posts\/15067","targetHints":{"allow":["GET"]}}],"collection":[{"href":"https:\/\/blogdorogeriogomes.com.br\/noticias\/wp-json\/wp\/v2\/posts"}],"about":[{"href":"https:\/\/blogdorogeriogomes.com.br\/noticias\/wp-json\/wp\/v2\/types\/post"}],"author":[{"embeddable":true,"href":"https:\/\/blogdorogeriogomes.com.br\/noticias\/wp-json\/wp\/v2\/users\/1"}],"replies":[{"embeddable":true,"href":"https:\/\/blogdorogeriogomes.com.br\/noticias\/wp-json\/wp\/v2\/comments?post=15067"}],"version-history":[{"count":1,"href":"https:\/\/blogdorogeriogomes.com.br\/noticias\/wp-json\/wp\/v2\/posts\/15067\/revisions"}],"predecessor-version":[{"id":15069,"href":"https:\/\/blogdorogeriogomes.com.br\/noticias\/wp-json\/wp\/v2\/posts\/15067\/revisions\/15069"}],"wp:featuredmedia":[{"embeddable":true,"href":"https:\/\/blogdorogeriogomes.com.br\/noticias\/wp-json\/wp\/v2\/media\/15068"}],"wp:attachment":[{"href":"https:\/\/blogdorogeriogomes.com.br\/noticias\/wp-json\/wp\/v2\/media?parent=15067"}],"wp:term":[{"taxonomy":"category","embeddable":true,"href":"https:\/\/blogdorogeriogomes.com.br\/noticias\/wp-json\/wp\/v2\/categories?post=15067"},{"taxonomy":"post_tag","embeddable":true,"href":"https:\/\/blogdorogeriogomes.com.br\/noticias\/wp-json\/wp\/v2\/tags?post=15067"}],"curies":[{"name":"wp","href":"https:\/\/api.w.org\/{rel}","templated":true}]}}