{"id":15080,"date":"2019-12-18T18:50:05","date_gmt":"2019-12-18T18:50:05","guid":{"rendered":"http:\/\/blogdorogeriogomes.com.br\/?p=15080"},"modified":"2019-12-20T10:25:28","modified_gmt":"2019-12-20T10:25:28","slug":"governo-do-ceara-anuncia-voos-regionais-de-fortaleza-para-oito-municipios-do-interior-a-partir-de-fevereiro-de-2020","status":"publish","type":"post","link":"https:\/\/blogdorogeriogomes.com.br\/noticias\/2019\/12\/governo-do-ceara-anuncia-voos-regionais-de-fortaleza-para-oito-municipios-do-interior-a-partir-de-fevereiro-de-2020\/","title":{"rendered":"Governo do Cear\u00e1 anuncia voos regionais de Fortaleza para oito munic\u00edpios do interior a partir de fevereiro de 2020"},"content":{"rendered":"\n<p>O Governo do Cear\u00e1 fechou nesta quarta-feira, dia 18 de dezembro, um acordo com a GOL Linhas A\u00e9reas que garantir\u00e1 voos regionais a oito munic\u00edpios cearenses. A partir de 1o de fevereiro, a Capital estar\u00e1 ligada a Sobral, S\u00e3o Benedito, Tau\u00e1, Crate\u00fas, Iguatu e Aracati, semanalmente, e ganhar\u00e1 tr\u00eas voos di\u00e1rios para Jericoacoara e dois voos di\u00e1rios para Juazeiro do Norte. A companhia ir\u00e1 ofertar tamb\u00e9m tr\u00eas voos di\u00e1rios para Natal (RN). <br>\n\u201cPra n\u00f3s essa conquista \u00e9 muito importante porque vamos interiorizar a conectividade do nosso HUB em Fortaleza para oito cidades do Cear\u00e1. Vamos poder comprar uma passagem de Crate\u00fas para Paris, por exemplo. Ampliando as possibilidades para os cearenses. A GOL tem sido uma grande parceira do Estado, que tem crescido \u00e0 frente do Brasil no turismo. Os voos tamb\u00e9m v\u00e3o movimentar a economia, gerando mais emprego e renda para o cearense\u201d, destaca o governador Camilo Santana.<br>\nSer\u00e3o ao todo 48 frequ\u00eancias semanais no Cear\u00e1, distribu\u00eddas em Juazeiro do Norte (2 voos di\u00e1rios), Jericoacoara (3 voos di\u00e1rios), Sobral (3 semanais), S\u00e3o Benedito (2 semanais), Tau\u00e1 (2 semanais), Crate\u00fas (2 semanais), Iguatu (2 semanais) e Aracati (2 semanais). Os voos ser\u00e3o operados por aeronaves Grand Caravan, da empresa Two Flex, que t\u00eam capacidade para nove passageiros. A exce\u00e7\u00e3o s\u00e3o os voos para Juazeiro do Norte, que ser\u00e3o operados com avi\u00f5es ATR 72, da VoePass, para 72 passageiros.<\/p>\n\n\n\n<figure class=\"wp-block-gallery columns-1 is-cropped wp-block-gallery-1 is-layout-flex wp-block-gallery-is-layout-flex\"><ul class=\"blocks-gallery-grid\"><li class=\"blocks-gallery-item\"><figure><img loading=\"lazy\" decoding=\"async\" width=\"737\" height=\"416\" src=\"http:\/\/blogdorogeriogomes.com.br\/wp-content\/uploads\/2019\/12\/IMG_20191218_152729_345.jpg\" alt=\"\" data-id=\"15081\" data-full-url=\"http:\/\/blogdorogeriogomes.com.br\/wp-content\/uploads\/2019\/12\/IMG_20191218_152729_345.jpg\" data-link=\"http:\/\/blogdorogeriogomes.com.br\/?attachment_id=15081\" class=\"wp-image-15081\" srcset=\"https:\/\/blogdorogeriogomes.com.br\/noticias\/wp-content\/uploads\/2019\/12\/IMG_20191218_152729_345.jpg 737w, https:\/\/blogdorogeriogomes.com.br\/noticias\/wp-content\/uploads\/2019\/12\/IMG_20191218_152729_345-300x169.jpg 300w\" sizes=\"auto, (max-width: 737px) 100vw, 737px\" \/><\/figure><\/li><\/ul><\/figure>\n","protected":false},"excerpt":{"rendered":"<p>O Governo do Cear\u00e1 fechou nesta quarta-feira, dia 18 de dezembro, um acordo com a GOL Linhas A\u00e9reas que garantir\u00e1 voos regionais a oito munic\u00edpios cearenses. A partir de 1o de fevereiro, a Capital estar\u00e1 ligada a Sobral, S\u00e3o Benedito, Tau\u00e1, Crate\u00fas, Iguatu e Aracati, semanalmente, e ganhar\u00e1 tr\u00eas voos di\u00e1rios para Jericoacoara e dois voos di\u00e1rios para Juazeiro do Norte. A companhia ir\u00e1 ofertar tamb\u00e9m tr\u00eas voos di\u00e1rios para Natal (RN). \u201cPra n\u00f3s essa conquista \u00e9 muito importante&hellip;<\/p>\n","protected":false},"author":1,"featured_media":15081,"comment_status":"open","ping_status":"open","sticky":false,"template":"","format":"standard","meta":{"footnotes":""},"categories":[1],"tags":[],"class_list":["post-15080","post","type-post","status-publish","format-standard","has-post-thumbnail","hentry","category-noticias"],"_links":{"self":[{"href":"https:\/\/blogdorogeriogomes.com.br\/noticias\/wp-json\/wp\/v2\/posts\/15080","targetHints":{"allow":["GET"]}}],"collection":[{"href":"https:\/\/blogdorogeriogomes.com.br\/noticias\/wp-json\/wp\/v2\/posts"}],"about":[{"href":"https:\/\/blogdorogeriogomes.com.br\/noticias\/wp-json\/wp\/v2\/types\/post"}],"author":[{"embeddable":true,"href":"https:\/\/blogdorogeriogomes.com.br\/noticias\/wp-json\/wp\/v2\/users\/1"}],"replies":[{"embeddable":true,"href":"https:\/\/blogdorogeriogomes.com.br\/noticias\/wp-json\/wp\/v2\/comments?post=15080"}],"version-history":[{"count":1,"href":"https:\/\/blogdorogeriogomes.com.br\/noticias\/wp-json\/wp\/v2\/posts\/15080\/revisions"}],"predecessor-version":[{"id":15082,"href":"https:\/\/blogdorogeriogomes.com.br\/noticias\/wp-json\/wp\/v2\/posts\/15080\/revisions\/15082"}],"wp:featuredmedia":[{"embeddable":true,"href":"https:\/\/blogdorogeriogomes.com.br\/noticias\/wp-json\/wp\/v2\/media\/15081"}],"wp:attachment":[{"href":"https:\/\/blogdorogeriogomes.com.br\/noticias\/wp-json\/wp\/v2\/media?parent=15080"}],"wp:term":[{"taxonomy":"category","embeddable":true,"href":"https:\/\/blogdorogeriogomes.com.br\/noticias\/wp-json\/wp\/v2\/categories?post=15080"},{"taxonomy":"post_tag","embeddable":true,"href":"https:\/\/blogdorogeriogomes.com.br\/noticias\/wp-json\/wp\/v2\/tags?post=15080"}],"curies":[{"name":"wp","href":"https:\/\/api.w.org\/{rel}","templated":true}]}}