{"id":15083,"date":"2019-12-19T09:21:32","date_gmt":"2019-12-19T09:21:32","guid":{"rendered":"http:\/\/blogdorogeriogomes.com.br\/?p=15083"},"modified":"2019-12-20T10:23:32","modified_gmt":"2019-12-20T10:23:32","slug":"cogerh-avalia-que-89-acudes-do-ceara-estao-abaixo-dos-30-das-suas-capacidades","status":"publish","type":"post","link":"https:\/\/blogdorogeriogomes.com.br\/noticias\/2019\/12\/cogerh-avalia-que-89-acudes-do-ceara-estao-abaixo-dos-30-das-suas-capacidades\/","title":{"rendered":"Cogerh avalia que 89 a\u00e7udes do Cear\u00e1 est\u00e3o abaixo dos 30% das suas capacidades"},"content":{"rendered":"\n<p>A situa\u00e7\u00e3o dos a\u00e7udes no Cear\u00e1, com o agravamento do quadro de seca, \u00e9 preocupante. A torcida \u00e9 que as chuvas possam se intensificar na pr\u00e9 esta\u00e7\u00e3o. A Companhia de Gest\u00e3o dos Recursos H\u00eddricos (Cogerh) avalia que dos 155 a\u00e7udes localizados no Cear\u00e1, 89 est\u00e3o com volume abaixo dos 30%. O volume total em todos os a\u00e7udes corresponde a apenas 14,96% da capacidade, segundo boletim atualizado nesta quarta-feira, dia 18 de dezembro.<br>\nEm compara\u00e7\u00e3o com o mesmo per\u00edodo do ano passado, a situa\u00e7\u00e3o h\u00eddrica est\u00e1 mais confort\u00e1vel em 2019. Em 18 de dezembro de 2018, o volume total era de 11,01%. O maior a\u00e7ude do Cear\u00e1, o Castanh\u00e3o, est\u00e1 com apenas 3% da sua capacidade.<br>\nO Monitor de Secas indica significativo avan\u00e7o do n\u00edvel de seca grave no Cear\u00e1 &#8211; a taxa, que era de 0,02% em outubro, passou para 15,49% no m\u00eas de novembro. As \u00e1reas mais atingidas est\u00e3o na macrorregi\u00e3o Jaguaribana, no Sert\u00e3o Central e Inhamuns.<\/p>\n\n\n\n<figure class=\"wp-block-gallery columns-1 is-cropped wp-block-gallery-1 is-layout-flex wp-block-gallery-is-layout-flex\"><ul class=\"blocks-gallery-grid\"><li class=\"blocks-gallery-item\"><figure><img loading=\"lazy\" decoding=\"async\" width=\"545\" height=\"363\" src=\"http:\/\/blogdorogeriogomes.com.br\/wp-content\/uploads\/2019\/12\/IMG_20191219_061700_118.jpg\" alt=\"\" data-id=\"15084\" data-full-url=\"http:\/\/blogdorogeriogomes.com.br\/wp-content\/uploads\/2019\/12\/IMG_20191219_061700_118.jpg\" data-link=\"http:\/\/blogdorogeriogomes.com.br\/?attachment_id=15084\" class=\"wp-image-15084\" srcset=\"https:\/\/blogdorogeriogomes.com.br\/noticias\/wp-content\/uploads\/2019\/12\/IMG_20191219_061700_118.jpg 545w, https:\/\/blogdorogeriogomes.com.br\/noticias\/wp-content\/uploads\/2019\/12\/IMG_20191219_061700_118-300x200.jpg 300w\" sizes=\"auto, (max-width: 545px) 100vw, 545px\" \/><\/figure><\/li><\/ul><\/figure>\n","protected":false},"excerpt":{"rendered":"<p>A situa\u00e7\u00e3o dos a\u00e7udes no Cear\u00e1, com o agravamento do quadro de seca, \u00e9 preocupante. A torcida \u00e9 que as chuvas possam se intensificar na pr\u00e9 esta\u00e7\u00e3o. A Companhia de Gest\u00e3o dos Recursos H\u00eddricos (Cogerh) avalia que dos 155 a\u00e7udes localizados no Cear\u00e1, 89 est\u00e3o com volume abaixo dos 30%. O volume total em todos os a\u00e7udes corresponde a apenas 14,96% da capacidade, segundo boletim atualizado nesta quarta-feira, dia 18 de dezembro. Em compara\u00e7\u00e3o com o mesmo per\u00edodo do&hellip;<\/p>\n","protected":false},"author":1,"featured_media":15084,"comment_status":"open","ping_status":"open","sticky":false,"template":"","format":"standard","meta":{"footnotes":""},"categories":[1],"tags":[],"class_list":["post-15083","post","type-post","status-publish","format-standard","has-post-thumbnail","hentry","category-noticias"],"_links":{"self":[{"href":"https:\/\/blogdorogeriogomes.com.br\/noticias\/wp-json\/wp\/v2\/posts\/15083","targetHints":{"allow":["GET"]}}],"collection":[{"href":"https:\/\/blogdorogeriogomes.com.br\/noticias\/wp-json\/wp\/v2\/posts"}],"about":[{"href":"https:\/\/blogdorogeriogomes.com.br\/noticias\/wp-json\/wp\/v2\/types\/post"}],"author":[{"embeddable":true,"href":"https:\/\/blogdorogeriogomes.com.br\/noticias\/wp-json\/wp\/v2\/users\/1"}],"replies":[{"embeddable":true,"href":"https:\/\/blogdorogeriogomes.com.br\/noticias\/wp-json\/wp\/v2\/comments?post=15083"}],"version-history":[{"count":1,"href":"https:\/\/blogdorogeriogomes.com.br\/noticias\/wp-json\/wp\/v2\/posts\/15083\/revisions"}],"predecessor-version":[{"id":15085,"href":"https:\/\/blogdorogeriogomes.com.br\/noticias\/wp-json\/wp\/v2\/posts\/15083\/revisions\/15085"}],"wp:featuredmedia":[{"embeddable":true,"href":"https:\/\/blogdorogeriogomes.com.br\/noticias\/wp-json\/wp\/v2\/media\/15084"}],"wp:attachment":[{"href":"https:\/\/blogdorogeriogomes.com.br\/noticias\/wp-json\/wp\/v2\/media?parent=15083"}],"wp:term":[{"taxonomy":"category","embeddable":true,"href":"https:\/\/blogdorogeriogomes.com.br\/noticias\/wp-json\/wp\/v2\/categories?post=15083"},{"taxonomy":"post_tag","embeddable":true,"href":"https:\/\/blogdorogeriogomes.com.br\/noticias\/wp-json\/wp\/v2\/tags?post=15083"}],"curies":[{"name":"wp","href":"https:\/\/api.w.org\/{rel}","templated":true}]}}