{"id":15086,"date":"2019-12-19T09:34:44","date_gmt":"2019-12-19T09:34:44","guid":{"rendered":"http:\/\/blogdorogeriogomes.com.br\/?p=15086"},"modified":"2019-12-20T10:23:26","modified_gmt":"2019-12-20T10:23:26","slug":"assembleia-legislativa-deve-votar-reforma-da-previdencia-estadual-nesta-quinta-feira","status":"publish","type":"post","link":"https:\/\/blogdorogeriogomes.com.br\/noticias\/2019\/12\/assembleia-legislativa-deve-votar-reforma-da-previdencia-estadual-nesta-quinta-feira\/","title":{"rendered":"Assembleia Legislativa deve votar reforma da Previd\u00eancia Estadual nesta quinta-feira"},"content":{"rendered":"\n<p>Em meio a protesto de entidades de servidores p\u00fablicos estaduais, a Assembleia Legislativa do Cear\u00e1 vota, nesta quinta-feira, dia 19 de dezembro, a reforma da Previd\u00eancia Estadual enviada pelo Executivo. A expectativa \u00e9 de mais um dia tenso entre deputados da base governista e oposi\u00e7\u00e3o.<br>\nNa quarta-feira, dia 18, houve manifesta\u00e7\u00e3o em frente ao pr\u00e9dio da AL, quando um grupo de servidores foi impedido de acessar as salas das comiss\u00f5es, onde os deputados analisaram a mat\u00e9ria.<br>\nA reforma da Previd\u00eancia Estadual segue a mesma linha da reforma federal e interfere na idade m\u00ednima, no valor do benef\u00edcio, na al\u00edquota de aposentados e pensionistas e nas regras dos pensionistas.<\/p>\n\n\n\n<figure class=\"wp-block-gallery columns-1 is-cropped wp-block-gallery-1 is-layout-flex wp-block-gallery-is-layout-flex\"><ul class=\"blocks-gallery-grid\"><li class=\"blocks-gallery-item\"><figure><img loading=\"lazy\" decoding=\"async\" width=\"1024\" height=\"689\" src=\"http:\/\/blogdorogeriogomes.com.br\/wp-content\/uploads\/2019\/12\/IMG_20191219_063102_937-1024x689.jpg\" alt=\"\" data-id=\"15087\" data-full-url=\"http:\/\/blogdorogeriogomes.com.br\/wp-content\/uploads\/2019\/12\/IMG_20191219_063102_937.jpg\" data-link=\"http:\/\/blogdorogeriogomes.com.br\/?attachment_id=15087\" class=\"wp-image-15087\" srcset=\"https:\/\/blogdorogeriogomes.com.br\/noticias\/wp-content\/uploads\/2019\/12\/IMG_20191219_063102_937-1024x689.jpg 1024w, https:\/\/blogdorogeriogomes.com.br\/noticias\/wp-content\/uploads\/2019\/12\/IMG_20191219_063102_937-300x202.jpg 300w, https:\/\/blogdorogeriogomes.com.br\/noticias\/wp-content\/uploads\/2019\/12\/IMG_20191219_063102_937-768x517.jpg 768w, https:\/\/blogdorogeriogomes.com.br\/noticias\/wp-content\/uploads\/2019\/12\/IMG_20191219_063102_937-800x539.jpg 800w, https:\/\/blogdorogeriogomes.com.br\/noticias\/wp-content\/uploads\/2019\/12\/IMG_20191219_063102_937.jpg 1337w\" sizes=\"auto, (max-width: 1024px) 100vw, 1024px\" \/><\/figure><\/li><\/ul><\/figure>\n","protected":false},"excerpt":{"rendered":"<p>Em meio a protesto de entidades de servidores p\u00fablicos estaduais, a Assembleia Legislativa do Cear\u00e1 vota, nesta quinta-feira, dia 19 de dezembro, a reforma da Previd\u00eancia Estadual enviada pelo Executivo. A expectativa \u00e9 de mais um dia tenso entre deputados da base governista e oposi\u00e7\u00e3o. Na quarta-feira, dia 18, houve manifesta\u00e7\u00e3o em frente ao pr\u00e9dio da AL, quando um grupo de servidores foi impedido de acessar as salas das comiss\u00f5es, onde os deputados analisaram a mat\u00e9ria. A reforma da&hellip;<\/p>\n","protected":false},"author":1,"featured_media":15087,"comment_status":"open","ping_status":"open","sticky":false,"template":"","format":"standard","meta":{"footnotes":""},"categories":[1],"tags":[],"class_list":["post-15086","post","type-post","status-publish","format-standard","has-post-thumbnail","hentry","category-noticias"],"_links":{"self":[{"href":"https:\/\/blogdorogeriogomes.com.br\/noticias\/wp-json\/wp\/v2\/posts\/15086","targetHints":{"allow":["GET"]}}],"collection":[{"href":"https:\/\/blogdorogeriogomes.com.br\/noticias\/wp-json\/wp\/v2\/posts"}],"about":[{"href":"https:\/\/blogdorogeriogomes.com.br\/noticias\/wp-json\/wp\/v2\/types\/post"}],"author":[{"embeddable":true,"href":"https:\/\/blogdorogeriogomes.com.br\/noticias\/wp-json\/wp\/v2\/users\/1"}],"replies":[{"embeddable":true,"href":"https:\/\/blogdorogeriogomes.com.br\/noticias\/wp-json\/wp\/v2\/comments?post=15086"}],"version-history":[{"count":1,"href":"https:\/\/blogdorogeriogomes.com.br\/noticias\/wp-json\/wp\/v2\/posts\/15086\/revisions"}],"predecessor-version":[{"id":15088,"href":"https:\/\/blogdorogeriogomes.com.br\/noticias\/wp-json\/wp\/v2\/posts\/15086\/revisions\/15088"}],"wp:featuredmedia":[{"embeddable":true,"href":"https:\/\/blogdorogeriogomes.com.br\/noticias\/wp-json\/wp\/v2\/media\/15087"}],"wp:attachment":[{"href":"https:\/\/blogdorogeriogomes.com.br\/noticias\/wp-json\/wp\/v2\/media?parent=15086"}],"wp:term":[{"taxonomy":"category","embeddable":true,"href":"https:\/\/blogdorogeriogomes.com.br\/noticias\/wp-json\/wp\/v2\/categories?post=15086"},{"taxonomy":"post_tag","embeddable":true,"href":"https:\/\/blogdorogeriogomes.com.br\/noticias\/wp-json\/wp\/v2\/tags?post=15086"}],"curies":[{"name":"wp","href":"https:\/\/api.w.org\/{rel}","templated":true}]}}