{"id":15092,"date":"2019-12-19T20:51:23","date_gmt":"2019-12-19T20:51:23","guid":{"rendered":"http:\/\/blogdorogeriogomes.com.br\/?p=15092"},"modified":"2019-12-20T10:23:05","modified_gmt":"2019-12-20T10:23:05","slug":"deputados-estaduais-aprovam-reforma-da-previdencia-na-assembleia-legislativa","status":"publish","type":"post","link":"https:\/\/blogdorogeriogomes.com.br\/noticias\/2019\/12\/deputados-estaduais-aprovam-reforma-da-previdencia-na-assembleia-legislativa\/","title":{"rendered":"Deputados estaduais aprovam reforma da previd\u00eancia na Assembleia Legislativa"},"content":{"rendered":"\n<p>Em mais um dia tumultuado na Assembleia Legislativa do Cear\u00e1, os deputados estaduais aprovaram, nesta quinta-feira, dia 19 de dezembro, a reforma da Previd\u00eancia Estadual proposta pelo Executivo. De manh\u00e3, houve confronto entre sindicalistas e PM do lado de fora da Casa. \u00c0 tarde, os parlamentares votaram e, com folga, aprovaram as duas mensagens em plen\u00e1rio.<br>\nUma delas, aumenta a idade m\u00ednima para os servidores p\u00fablicos estaduais se aposentarem, de 55 para 62, no caso de mulheres, e de 60 para 65, para os homens. Outras mudan\u00e7as incluem a institui\u00e7\u00e3o de um sistema de aposentadoria por pontos no Estado e altera\u00e7\u00f5es em al\u00edquotas, tempo de contribui\u00e7\u00e3o e pens\u00e3o por morte.<br>\nUma emenda coletiva proposta pela base aliada, onde est\u00e3o inclu\u00eddas reivindica\u00e7\u00f5es levadas aos parlamentares pelos servidores do Estado, tamb\u00e9m foi aprovada por unanimidade entre os 35 deputados presentes na sess\u00e3o.<\/p>\n\n\n\n<figure class=\"wp-block-gallery columns-1 is-cropped wp-block-gallery-1 is-layout-flex wp-block-gallery-is-layout-flex\"><ul class=\"blocks-gallery-grid\"><li class=\"blocks-gallery-item\"><figure><img loading=\"lazy\" decoding=\"async\" width=\"460\" height=\"274\" src=\"http:\/\/blogdorogeriogomes.com.br\/wp-content\/uploads\/2019\/12\/IMG_20191219_174820_916.jpg\" alt=\"\" data-id=\"15093\" data-full-url=\"http:\/\/blogdorogeriogomes.com.br\/wp-content\/uploads\/2019\/12\/IMG_20191219_174820_916.jpg\" data-link=\"http:\/\/blogdorogeriogomes.com.br\/?attachment_id=15093\" class=\"wp-image-15093\" srcset=\"https:\/\/blogdorogeriogomes.com.br\/noticias\/wp-content\/uploads\/2019\/12\/IMG_20191219_174820_916.jpg 460w, https:\/\/blogdorogeriogomes.com.br\/noticias\/wp-content\/uploads\/2019\/12\/IMG_20191219_174820_916-300x179.jpg 300w\" sizes=\"auto, (max-width: 460px) 100vw, 460px\" \/><\/figure><\/li><\/ul><\/figure>\n","protected":false},"excerpt":{"rendered":"<p>Em mais um dia tumultuado na Assembleia Legislativa do Cear\u00e1, os deputados estaduais aprovaram, nesta quinta-feira, dia 19 de dezembro, a reforma da Previd\u00eancia Estadual proposta pelo Executivo. De manh\u00e3, houve confronto entre sindicalistas e PM do lado de fora da Casa. \u00c0 tarde, os parlamentares votaram e, com folga, aprovaram as duas mensagens em plen\u00e1rio. Uma delas, aumenta a idade m\u00ednima para os servidores p\u00fablicos estaduais se aposentarem, de 55 para 62, no caso de mulheres, e de&hellip;<\/p>\n","protected":false},"author":1,"featured_media":15093,"comment_status":"open","ping_status":"open","sticky":false,"template":"","format":"standard","meta":{"footnotes":""},"categories":[1],"tags":[],"class_list":["post-15092","post","type-post","status-publish","format-standard","has-post-thumbnail","hentry","category-noticias"],"_links":{"self":[{"href":"https:\/\/blogdorogeriogomes.com.br\/noticias\/wp-json\/wp\/v2\/posts\/15092","targetHints":{"allow":["GET"]}}],"collection":[{"href":"https:\/\/blogdorogeriogomes.com.br\/noticias\/wp-json\/wp\/v2\/posts"}],"about":[{"href":"https:\/\/blogdorogeriogomes.com.br\/noticias\/wp-json\/wp\/v2\/types\/post"}],"author":[{"embeddable":true,"href":"https:\/\/blogdorogeriogomes.com.br\/noticias\/wp-json\/wp\/v2\/users\/1"}],"replies":[{"embeddable":true,"href":"https:\/\/blogdorogeriogomes.com.br\/noticias\/wp-json\/wp\/v2\/comments?post=15092"}],"version-history":[{"count":1,"href":"https:\/\/blogdorogeriogomes.com.br\/noticias\/wp-json\/wp\/v2\/posts\/15092\/revisions"}],"predecessor-version":[{"id":15094,"href":"https:\/\/blogdorogeriogomes.com.br\/noticias\/wp-json\/wp\/v2\/posts\/15092\/revisions\/15094"}],"wp:featuredmedia":[{"embeddable":true,"href":"https:\/\/blogdorogeriogomes.com.br\/noticias\/wp-json\/wp\/v2\/media\/15093"}],"wp:attachment":[{"href":"https:\/\/blogdorogeriogomes.com.br\/noticias\/wp-json\/wp\/v2\/media?parent=15092"}],"wp:term":[{"taxonomy":"category","embeddable":true,"href":"https:\/\/blogdorogeriogomes.com.br\/noticias\/wp-json\/wp\/v2\/categories?post=15092"},{"taxonomy":"post_tag","embeddable":true,"href":"https:\/\/blogdorogeriogomes.com.br\/noticias\/wp-json\/wp\/v2\/tags?post=15092"}],"curies":[{"name":"wp","href":"https:\/\/api.w.org\/{rel}","templated":true}]}}