{"id":15095,"date":"2019-12-20T09:39:03","date_gmt":"2019-12-20T09:39:03","guid":{"rendered":"http:\/\/blogdorogeriogomes.com.br\/?p=15095"},"modified":"2019-12-20T10:22:53","modified_gmt":"2019-12-20T10:22:53","slug":"oposicao-em-fortaleza-comemora-numeros-de-pesquisa-do-instituto-parana-para-as-eleicoes-de-2020","status":"publish","type":"post","link":"https:\/\/blogdorogeriogomes.com.br\/noticias\/2019\/12\/oposicao-em-fortaleza-comemora-numeros-de-pesquisa-do-instituto-parana-para-as-eleicoes-de-2020\/","title":{"rendered":"Oposi\u00e7\u00e3o em Fortaleza comemora n\u00fameros de pesquisa do Instituto Paran\u00e1 para as elei\u00e7\u00f5es de 2020"},"content":{"rendered":"\n<p>Partidos que fazem oposi\u00e7\u00e3o a atual administra\u00e7\u00e3o do prefeito Roberto Cl\u00e1udio (PDT) se mostraram animados com o resultado da pesquisa realizada pelo Instituto Paran\u00e1 Pesquisas, que, entre os dias 14 e 17 de dezembro de 2019, ouviu 804 eleitores sobre inten\u00e7\u00e3o de voto para as elei\u00e7\u00f5es municipais de 2020 em Fortaleza.<br>\nO deputado federal Capit\u00e3o Wagner (Pros) apareceu \u00e0 frente da pesquisa com com 42,4%, seguido da deputada Luizianne Lins (PT) com 14,8%; Heitor F\u00e9rrer (SD), 14,1%; Renato Roseno (PSOL), 6 %; Carlos Matos (PSDB), 2%; Geraldo Luciano (Novo), 1,7%; Heitor Freire (PSL), 1,1% e Samuel Dias (PDT), com 0,6%. <br>\nO PDT, partido de Roberto Cl\u00e1udio, que n\u00e3o poder\u00e1 mais ser candidato, s\u00f3 deve apontar um nome para concorrer at\u00e9 mar\u00e7o de 2020. Nesta quinta-feira, dia 19 de dezembro, o senador Cid Gomes declarou ainda ser cedo para se comemorar resultado de pesquisa. &#8220;Todos os candidatos a prefeito que estavam bem antes da elei\u00e7\u00e3o acabaram perdendo&#8221;, disse Cid sobre a vantagem de Capit\u00e3o Wagner na consulta do Instituto Paran\u00e1 Pesquisas.<\/p>\n\n\n\n<figure class=\"wp-block-gallery columns-1 is-cropped wp-block-gallery-1 is-layout-flex wp-block-gallery-is-layout-flex\"><ul class=\"blocks-gallery-grid\"><li class=\"blocks-gallery-item\"><figure><img loading=\"lazy\" decoding=\"async\" width=\"577\" height=\"480\" src=\"http:\/\/blogdorogeriogomes.com.br\/wp-content\/uploads\/2019\/12\/IMG_20191220_063148_985.jpg\" alt=\"\" data-id=\"15096\" data-full-url=\"http:\/\/blogdorogeriogomes.com.br\/wp-content\/uploads\/2019\/12\/IMG_20191220_063148_985.jpg\" data-link=\"http:\/\/blogdorogeriogomes.com.br\/?attachment_id=15096\" class=\"wp-image-15096\" srcset=\"https:\/\/blogdorogeriogomes.com.br\/noticias\/wp-content\/uploads\/2019\/12\/IMG_20191220_063148_985.jpg 577w, https:\/\/blogdorogeriogomes.com.br\/noticias\/wp-content\/uploads\/2019\/12\/IMG_20191220_063148_985-300x250.jpg 300w\" sizes=\"auto, (max-width: 577px) 100vw, 577px\" \/><\/figure><\/li><\/ul><\/figure>\n","protected":false},"excerpt":{"rendered":"<p>Partidos que fazem oposi\u00e7\u00e3o a atual administra\u00e7\u00e3o do prefeito Roberto Cl\u00e1udio (PDT) se mostraram animados com o resultado da pesquisa realizada pelo Instituto Paran\u00e1 Pesquisas, que, entre os dias 14 e 17 de dezembro de 2019, ouviu 804 eleitores sobre inten\u00e7\u00e3o de voto para as elei\u00e7\u00f5es municipais de 2020 em Fortaleza. O deputado federal Capit\u00e3o Wagner (Pros) apareceu \u00e0 frente da pesquisa com com 42,4%, seguido da deputada Luizianne Lins (PT) com 14,8%; Heitor F\u00e9rrer (SD), 14,1%; Renato Roseno&hellip;<\/p>\n","protected":false},"author":1,"featured_media":15096,"comment_status":"open","ping_status":"open","sticky":false,"template":"","format":"standard","meta":{"footnotes":""},"categories":[1],"tags":[],"class_list":["post-15095","post","type-post","status-publish","format-standard","has-post-thumbnail","hentry","category-noticias"],"_links":{"self":[{"href":"https:\/\/blogdorogeriogomes.com.br\/noticias\/wp-json\/wp\/v2\/posts\/15095","targetHints":{"allow":["GET"]}}],"collection":[{"href":"https:\/\/blogdorogeriogomes.com.br\/noticias\/wp-json\/wp\/v2\/posts"}],"about":[{"href":"https:\/\/blogdorogeriogomes.com.br\/noticias\/wp-json\/wp\/v2\/types\/post"}],"author":[{"embeddable":true,"href":"https:\/\/blogdorogeriogomes.com.br\/noticias\/wp-json\/wp\/v2\/users\/1"}],"replies":[{"embeddable":true,"href":"https:\/\/blogdorogeriogomes.com.br\/noticias\/wp-json\/wp\/v2\/comments?post=15095"}],"version-history":[{"count":1,"href":"https:\/\/blogdorogeriogomes.com.br\/noticias\/wp-json\/wp\/v2\/posts\/15095\/revisions"}],"predecessor-version":[{"id":15097,"href":"https:\/\/blogdorogeriogomes.com.br\/noticias\/wp-json\/wp\/v2\/posts\/15095\/revisions\/15097"}],"wp:featuredmedia":[{"embeddable":true,"href":"https:\/\/blogdorogeriogomes.com.br\/noticias\/wp-json\/wp\/v2\/media\/15096"}],"wp:attachment":[{"href":"https:\/\/blogdorogeriogomes.com.br\/noticias\/wp-json\/wp\/v2\/media?parent=15095"}],"wp:term":[{"taxonomy":"category","embeddable":true,"href":"https:\/\/blogdorogeriogomes.com.br\/noticias\/wp-json\/wp\/v2\/categories?post=15095"},{"taxonomy":"post_tag","embeddable":true,"href":"https:\/\/blogdorogeriogomes.com.br\/noticias\/wp-json\/wp\/v2\/tags?post=15095"}],"curies":[{"name":"wp","href":"https:\/\/api.w.org\/{rel}","templated":true}]}}