{"id":15101,"date":"2019-12-20T14:35:33","date_gmt":"2019-12-20T14:35:33","guid":{"rendered":"http:\/\/blogdorogeriogomes.com.br\/?p=15101"},"modified":"2019-12-20T14:48:25","modified_gmt":"2019-12-20T14:48:25","slug":"definidas-as-atracoes-artisticas-do-reveillon-de-fortaleza-2020","status":"publish","type":"post","link":"https:\/\/blogdorogeriogomes.com.br\/noticias\/2019\/12\/definidas-as-atracoes-artisticas-do-reveillon-de-fortaleza-2020\/","title":{"rendered":"Definidas as atra\u00e7\u00f5es art\u00edsticas do R\u00e9veillon de Fortaleza 2020"},"content":{"rendered":"\n<p>A Prefeitura de Fortaleza divulgou, nesta sexta-feira, dia 20 de dezembro, as atra\u00e7\u00f5es musicais do R\u00e9veillon 2020, no Aterro da Praia de Iracema.<br>\nAs principais atra\u00e7\u00f5es s\u00e3o: Alok,<br>\nFagner, Jorge Ben Jor, Matheus e Kauan, Nando Reis, Simone e Simaria, Chambinho do Acordeon, Falc\u00e3o, Marcos Lessa, Jonnas Alves, Ludmila Amaral, Marcus Caf\u00e9, Paulo Jos\u00e9, Roberta Fiuza, Waldonys, Mastruz com Leite, Calcinha Preta e Lim\u00e3o com Mel.<br>\nMais uma vez, o R\u00e9veillon de Fortaleza tamb\u00e9m ir\u00e1 contar com um dos maiores shows pirot\u00e9cnicos do Pa\u00eds com 12 minutos de dura\u00e7\u00e3o.<\/p>\n\n\n\n<figure class=\"wp-block-gallery columns-1 is-cropped wp-block-gallery-1 is-layout-flex wp-block-gallery-is-layout-flex\"><ul class=\"blocks-gallery-grid\"><li class=\"blocks-gallery-item\"><figure><img loading=\"lazy\" decoding=\"async\" width=\"708\" height=\"413\" src=\"http:\/\/blogdorogeriogomes.com.br\/wp-content\/uploads\/2019\/12\/IMG_20191220_113116_941.jpg\" alt=\"\" data-id=\"15102\" data-full-url=\"http:\/\/blogdorogeriogomes.com.br\/wp-content\/uploads\/2019\/12\/IMG_20191220_113116_941.jpg\" data-link=\"http:\/\/blogdorogeriogomes.com.br\/?attachment_id=15102\" class=\"wp-image-15102\" srcset=\"https:\/\/blogdorogeriogomes.com.br\/noticias\/wp-content\/uploads\/2019\/12\/IMG_20191220_113116_941.jpg 708w, https:\/\/blogdorogeriogomes.com.br\/noticias\/wp-content\/uploads\/2019\/12\/IMG_20191220_113116_941-300x175.jpg 300w\" sizes=\"auto, (max-width: 708px) 100vw, 708px\" \/><\/figure><\/li><\/ul><\/figure>\n","protected":false},"excerpt":{"rendered":"<p>A Prefeitura de Fortaleza divulgou, nesta sexta-feira, dia 20 de dezembro, as atra\u00e7\u00f5es musicais do R\u00e9veillon 2020, no Aterro da Praia de Iracema. As principais atra\u00e7\u00f5es s\u00e3o: Alok, Fagner, Jorge Ben Jor, Matheus e Kauan, Nando Reis, Simone e Simaria, Chambinho do Acordeon, Falc\u00e3o, Marcos Lessa, Jonnas Alves, Ludmila Amaral, Marcus Caf\u00e9, Paulo Jos\u00e9, Roberta Fiuza, Waldonys, Mastruz com Leite, Calcinha Preta e Lim\u00e3o com Mel. Mais uma vez, o R\u00e9veillon de Fortaleza tamb\u00e9m ir\u00e1 contar com um dos&hellip;<\/p>\n","protected":false},"author":1,"featured_media":15102,"comment_status":"open","ping_status":"open","sticky":false,"template":"","format":"standard","meta":{"footnotes":""},"categories":[1],"tags":[],"class_list":["post-15101","post","type-post","status-publish","format-standard","has-post-thumbnail","hentry","category-noticias"],"_links":{"self":[{"href":"https:\/\/blogdorogeriogomes.com.br\/noticias\/wp-json\/wp\/v2\/posts\/15101","targetHints":{"allow":["GET"]}}],"collection":[{"href":"https:\/\/blogdorogeriogomes.com.br\/noticias\/wp-json\/wp\/v2\/posts"}],"about":[{"href":"https:\/\/blogdorogeriogomes.com.br\/noticias\/wp-json\/wp\/v2\/types\/post"}],"author":[{"embeddable":true,"href":"https:\/\/blogdorogeriogomes.com.br\/noticias\/wp-json\/wp\/v2\/users\/1"}],"replies":[{"embeddable":true,"href":"https:\/\/blogdorogeriogomes.com.br\/noticias\/wp-json\/wp\/v2\/comments?post=15101"}],"version-history":[{"count":1,"href":"https:\/\/blogdorogeriogomes.com.br\/noticias\/wp-json\/wp\/v2\/posts\/15101\/revisions"}],"predecessor-version":[{"id":15103,"href":"https:\/\/blogdorogeriogomes.com.br\/noticias\/wp-json\/wp\/v2\/posts\/15101\/revisions\/15103"}],"wp:featuredmedia":[{"embeddable":true,"href":"https:\/\/blogdorogeriogomes.com.br\/noticias\/wp-json\/wp\/v2\/media\/15102"}],"wp:attachment":[{"href":"https:\/\/blogdorogeriogomes.com.br\/noticias\/wp-json\/wp\/v2\/media?parent=15101"}],"wp:term":[{"taxonomy":"category","embeddable":true,"href":"https:\/\/blogdorogeriogomes.com.br\/noticias\/wp-json\/wp\/v2\/categories?post=15101"},{"taxonomy":"post_tag","embeddable":true,"href":"https:\/\/blogdorogeriogomes.com.br\/noticias\/wp-json\/wp\/v2\/tags?post=15101"}],"curies":[{"name":"wp","href":"https:\/\/api.w.org\/{rel}","templated":true}]}}