{"id":15104,"date":"2019-12-22T10:55:49","date_gmt":"2019-12-22T10:55:49","guid":{"rendered":"http:\/\/blogdorogeriogomes.com.br\/?p=15104"},"modified":"2019-12-23T02:04:03","modified_gmt":"2019-12-23T02:04:03","slug":"via-expressa-em-fortaleza-tem-novo-tunel-liberado-para-o-trafego-de-veiculos","status":"publish","type":"post","link":"https:\/\/blogdorogeriogomes.com.br\/noticias\/2019\/12\/via-expressa-em-fortaleza-tem-novo-tunel-liberado-para-o-trafego-de-veiculos\/","title":{"rendered":"Via Expressa em Fortaleza tem novo t\u00fanel liberado para o tr\u00e1fego de ve\u00edculos"},"content":{"rendered":"\n<p>A Via Expressa, que liga o Mucuripe ao bairro S\u00e3o Jo\u00e3o do Tauape, em Fortaleza, passou a ser propriamente expressa, neste s\u00e1bado, dia 21 de dezembro, com a inaugura\u00e7\u00e3o do t\u00fanel Governador Beni Veras. O equipamento, constru\u00eddo no cruzamento das avenidas Alberto S\u00e1 e Almirante Henrique Sab\u00f3ia (Via Expressa), no Papicu, permitiu a elimina\u00e7\u00e3o dos sem\u00e1foros de todo o trecho da via.<br>\nA interven\u00e7\u00e3o do t\u00fanel custou R$ 67 milh\u00f5es aos cofres p\u00fablicos. Parte do financiamento da obra veio da Caixa Econ\u00f4mica Federal, por meio de recursos do Fundo de Garantia do Tempo de Servi\u00e7o (FGTS). O restante veio da parceria entre o Governo do Estado e a Prefeitura de Fortaleza.<\/p>\n\n\n\n<figure class=\"wp-block-gallery columns-1 is-cropped wp-block-gallery-1 is-layout-flex wp-block-gallery-is-layout-flex\"><ul class=\"blocks-gallery-grid\"><li class=\"blocks-gallery-item\"><figure><img loading=\"lazy\" decoding=\"async\" width=\"1024\" height=\"683\" src=\"http:\/\/blogdorogeriogomes.com.br\/wp-content\/uploads\/2019\/12\/IMG_20191222_075101_442-1024x683.jpg\" alt=\"\" data-id=\"15105\" data-full-url=\"http:\/\/blogdorogeriogomes.com.br\/wp-content\/uploads\/2019\/12\/IMG_20191222_075101_442.jpg\" data-link=\"http:\/\/blogdorogeriogomes.com.br\/?attachment_id=15105\" class=\"wp-image-15105\" srcset=\"https:\/\/blogdorogeriogomes.com.br\/noticias\/wp-content\/uploads\/2019\/12\/IMG_20191222_075101_442-1024x683.jpg 1024w, https:\/\/blogdorogeriogomes.com.br\/noticias\/wp-content\/uploads\/2019\/12\/IMG_20191222_075101_442-300x200.jpg 300w, https:\/\/blogdorogeriogomes.com.br\/noticias\/wp-content\/uploads\/2019\/12\/IMG_20191222_075101_442-768x512.jpg 768w, https:\/\/blogdorogeriogomes.com.br\/noticias\/wp-content\/uploads\/2019\/12\/IMG_20191222_075101_442-800x533.jpg 800w, https:\/\/blogdorogeriogomes.com.br\/noticias\/wp-content\/uploads\/2019\/12\/IMG_20191222_075101_442.jpg 1200w\" sizes=\"auto, (max-width: 1024px) 100vw, 1024px\" \/><\/figure><\/li><\/ul><\/figure>\n","protected":false},"excerpt":{"rendered":"<p>A Via Expressa, que liga o Mucuripe ao bairro S\u00e3o Jo\u00e3o do Tauape, em Fortaleza, passou a ser propriamente expressa, neste s\u00e1bado, dia 21 de dezembro, com a inaugura\u00e7\u00e3o do t\u00fanel Governador Beni Veras. O equipamento, constru\u00eddo no cruzamento das avenidas Alberto S\u00e1 e Almirante Henrique Sab\u00f3ia (Via Expressa), no Papicu, permitiu a elimina\u00e7\u00e3o dos sem\u00e1foros de todo o trecho da via. A interven\u00e7\u00e3o do t\u00fanel custou R$ 67 milh\u00f5es aos cofres p\u00fablicos. Parte do financiamento da obra veio&hellip;<\/p>\n","protected":false},"author":1,"featured_media":15105,"comment_status":"open","ping_status":"open","sticky":false,"template":"","format":"standard","meta":{"footnotes":""},"categories":[1],"tags":[],"class_list":["post-15104","post","type-post","status-publish","format-standard","has-post-thumbnail","hentry","category-noticias"],"_links":{"self":[{"href":"https:\/\/blogdorogeriogomes.com.br\/noticias\/wp-json\/wp\/v2\/posts\/15104","targetHints":{"allow":["GET"]}}],"collection":[{"href":"https:\/\/blogdorogeriogomes.com.br\/noticias\/wp-json\/wp\/v2\/posts"}],"about":[{"href":"https:\/\/blogdorogeriogomes.com.br\/noticias\/wp-json\/wp\/v2\/types\/post"}],"author":[{"embeddable":true,"href":"https:\/\/blogdorogeriogomes.com.br\/noticias\/wp-json\/wp\/v2\/users\/1"}],"replies":[{"embeddable":true,"href":"https:\/\/blogdorogeriogomes.com.br\/noticias\/wp-json\/wp\/v2\/comments?post=15104"}],"version-history":[{"count":1,"href":"https:\/\/blogdorogeriogomes.com.br\/noticias\/wp-json\/wp\/v2\/posts\/15104\/revisions"}],"predecessor-version":[{"id":15106,"href":"https:\/\/blogdorogeriogomes.com.br\/noticias\/wp-json\/wp\/v2\/posts\/15104\/revisions\/15106"}],"wp:featuredmedia":[{"embeddable":true,"href":"https:\/\/blogdorogeriogomes.com.br\/noticias\/wp-json\/wp\/v2\/media\/15105"}],"wp:attachment":[{"href":"https:\/\/blogdorogeriogomes.com.br\/noticias\/wp-json\/wp\/v2\/media?parent=15104"}],"wp:term":[{"taxonomy":"category","embeddable":true,"href":"https:\/\/blogdorogeriogomes.com.br\/noticias\/wp-json\/wp\/v2\/categories?post=15104"},{"taxonomy":"post_tag","embeddable":true,"href":"https:\/\/blogdorogeriogomes.com.br\/noticias\/wp-json\/wp\/v2\/tags?post=15104"}],"curies":[{"name":"wp","href":"https:\/\/api.w.org\/{rel}","templated":true}]}}