{"id":15110,"date":"2019-12-23T09:00:22","date_gmt":"2019-12-23T09:00:22","guid":{"rendered":"http:\/\/blogdorogeriogomes.com.br\/?p=15110"},"modified":"2019-12-23T21:21:22","modified_gmt":"2019-12-23T21:21:22","slug":"voo-direto-de-fortaleza-para-madri-consolida-hub-aereo-no-aeroporto-pinto-martins","status":"publish","type":"post","link":"https:\/\/blogdorogeriogomes.com.br\/noticias\/2019\/12\/voo-direto-de-fortaleza-para-madri-consolida-hub-aereo-no-aeroporto-pinto-martins\/","title":{"rendered":"Voo direto de Fortaleza para Madri consolida HUB a\u00e9reo no Aeroporto Pinto Martins"},"content":{"rendered":"\n<p>O Aeroporto Internacional Pinto Martins, em Fortaleza, recebeu o voo inaugural vindo da cidade espanhola de Madri. Os voos ser\u00e3o realizados pela empresa Air Europa e ter\u00e3o duas frequ\u00eancias semanais at\u00e9 junho, quando passar\u00e3o a ser tr\u00eas.<br>\nO governador Camilo Santana ressaltou a import\u00e2ncia econ\u00f4mica do acordo com o Grupo Globalia para a realiza\u00e7\u00e3o de dois voos diretos por semana entre o Cear\u00e1 e a capital espanhola.<br>\n\u201cA nossa capital tem se consolidado como um HUB a\u00e9reo. J\u00e1 t\u00ednhamos voos diretos para Paris, Amsterd\u00e3, Orlando e Miami, e agora temos Madri. Recebemos um voo com 90% de ocupa\u00e7\u00e3o e estamos enviando outro para Madri com quase 100%&#8221;, destacou o governador.<\/p>\n\n\n\n<figure class=\"wp-block-gallery columns-1 is-cropped wp-block-gallery-1 is-layout-flex wp-block-gallery-is-layout-flex\"><ul class=\"blocks-gallery-grid\"><li class=\"blocks-gallery-item\"><figure><img loading=\"lazy\" decoding=\"async\" width=\"750\" height=\"720\" src=\"http:\/\/blogdorogeriogomes.com.br\/wp-content\/uploads\/2019\/12\/IMG_20191223_055233_302.jpg\" alt=\"\" data-id=\"15111\" data-full-url=\"http:\/\/blogdorogeriogomes.com.br\/wp-content\/uploads\/2019\/12\/IMG_20191223_055233_302.jpg\" data-link=\"http:\/\/blogdorogeriogomes.com.br\/?attachment_id=15111\" class=\"wp-image-15111\" srcset=\"https:\/\/blogdorogeriogomes.com.br\/noticias\/wp-content\/uploads\/2019\/12\/IMG_20191223_055233_302.jpg 750w, https:\/\/blogdorogeriogomes.com.br\/noticias\/wp-content\/uploads\/2019\/12\/IMG_20191223_055233_302-300x288.jpg 300w\" sizes=\"auto, (max-width: 750px) 100vw, 750px\" \/><\/figure><\/li><\/ul><\/figure>\n","protected":false},"excerpt":{"rendered":"<p>O Aeroporto Internacional Pinto Martins, em Fortaleza, recebeu o voo inaugural vindo da cidade espanhola de Madri. Os voos ser\u00e3o realizados pela empresa Air Europa e ter\u00e3o duas frequ\u00eancias semanais at\u00e9 junho, quando passar\u00e3o a ser tr\u00eas. O governador Camilo Santana ressaltou a import\u00e2ncia econ\u00f4mica do acordo com o Grupo Globalia para a realiza\u00e7\u00e3o de dois voos diretos por semana entre o Cear\u00e1 e a capital espanhola. \u201cA nossa capital tem se consolidado como um HUB a\u00e9reo. J\u00e1 t\u00ednhamos&hellip;<\/p>\n","protected":false},"author":1,"featured_media":15111,"comment_status":"open","ping_status":"open","sticky":false,"template":"","format":"standard","meta":{"footnotes":""},"categories":[1],"tags":[],"class_list":["post-15110","post","type-post","status-publish","format-standard","has-post-thumbnail","hentry","category-noticias"],"_links":{"self":[{"href":"https:\/\/blogdorogeriogomes.com.br\/noticias\/wp-json\/wp\/v2\/posts\/15110","targetHints":{"allow":["GET"]}}],"collection":[{"href":"https:\/\/blogdorogeriogomes.com.br\/noticias\/wp-json\/wp\/v2\/posts"}],"about":[{"href":"https:\/\/blogdorogeriogomes.com.br\/noticias\/wp-json\/wp\/v2\/types\/post"}],"author":[{"embeddable":true,"href":"https:\/\/blogdorogeriogomes.com.br\/noticias\/wp-json\/wp\/v2\/users\/1"}],"replies":[{"embeddable":true,"href":"https:\/\/blogdorogeriogomes.com.br\/noticias\/wp-json\/wp\/v2\/comments?post=15110"}],"version-history":[{"count":1,"href":"https:\/\/blogdorogeriogomes.com.br\/noticias\/wp-json\/wp\/v2\/posts\/15110\/revisions"}],"predecessor-version":[{"id":15112,"href":"https:\/\/blogdorogeriogomes.com.br\/noticias\/wp-json\/wp\/v2\/posts\/15110\/revisions\/15112"}],"wp:featuredmedia":[{"embeddable":true,"href":"https:\/\/blogdorogeriogomes.com.br\/noticias\/wp-json\/wp\/v2\/media\/15111"}],"wp:attachment":[{"href":"https:\/\/blogdorogeriogomes.com.br\/noticias\/wp-json\/wp\/v2\/media?parent=15110"}],"wp:term":[{"taxonomy":"category","embeddable":true,"href":"https:\/\/blogdorogeriogomes.com.br\/noticias\/wp-json\/wp\/v2\/categories?post=15110"},{"taxonomy":"post_tag","embeddable":true,"href":"https:\/\/blogdorogeriogomes.com.br\/noticias\/wp-json\/wp\/v2\/tags?post=15110"}],"curies":[{"name":"wp","href":"https:\/\/api.w.org\/{rel}","templated":true}]}}