{"id":15113,"date":"2019-12-23T09:15:14","date_gmt":"2019-12-23T09:15:14","guid":{"rendered":"http:\/\/blogdorogeriogomes.com.br\/?p=15113"},"modified":"2019-12-23T21:16:11","modified_gmt":"2019-12-23T21:16:11","slug":"prefeitura-de-fortaleza-entrega-mais-264-apartamentos-do-residencial-vila-do-mar-iii","status":"publish","type":"post","link":"https:\/\/blogdorogeriogomes.com.br\/noticias\/2019\/12\/prefeitura-de-fortaleza-entrega-mais-264-apartamentos-do-residencial-vila-do-mar-iii\/","title":{"rendered":"Prefeitura de Fortaleza entrega mais 264 apartamentos do Residencial Vila do Mar III"},"content":{"rendered":"\n<p>A Prefeitura de Fortaleza entrega, por meio da Secretaria do Desenvolvimento Habitacional de Fortaleza (Habitafor), nesta segunda-feira, dia 23 de dezembro, mais 264 apartamentos da segunda e \u00faltima etapa do Residencial Vila do Mar III e 370 melhorias habitacionais no bairro Pirambu (Regional I). O evento contar\u00e1 com a presen\u00e7a do prefeito Roberto Cl\u00e1udio e da secret\u00e1ria de Habita\u00e7\u00e3o, Olinda Marques.<br>\nAp\u00f3s o recebimento das chaves e assinado o termo de moradia, os benefici\u00e1rios poder\u00e3o solicitar os servi\u00e7os de instala\u00e7\u00e3o de \u00e1gua e energia el\u00e9trica. As mudan\u00e7as para o Residencial ser\u00e3o liberadas logo depois da entrega.<\/p>\n\n\n\n<figure class=\"wp-block-gallery columns-1 is-cropped wp-block-gallery-1 is-layout-flex wp-block-gallery-is-layout-flex\"><ul class=\"blocks-gallery-grid\"><li class=\"blocks-gallery-item\"><figure><img loading=\"lazy\" decoding=\"async\" width=\"1024\" height=\"601\" src=\"http:\/\/blogdorogeriogomes.com.br\/wp-content\/uploads\/2019\/12\/IMG_20191223_060906_698-1024x601.jpg\" alt=\"\" data-id=\"15114\" data-full-url=\"http:\/\/blogdorogeriogomes.com.br\/wp-content\/uploads\/2019\/12\/IMG_20191223_060906_698-scaled.jpg\" data-link=\"http:\/\/blogdorogeriogomes.com.br\/?attachment_id=15114\" class=\"wp-image-15114\" srcset=\"https:\/\/blogdorogeriogomes.com.br\/noticias\/wp-content\/uploads\/2019\/12\/IMG_20191223_060906_698-1024x601.jpg 1024w, https:\/\/blogdorogeriogomes.com.br\/noticias\/wp-content\/uploads\/2019\/12\/IMG_20191223_060906_698-300x176.jpg 300w, https:\/\/blogdorogeriogomes.com.br\/noticias\/wp-content\/uploads\/2019\/12\/IMG_20191223_060906_698-768x451.jpg 768w, https:\/\/blogdorogeriogomes.com.br\/noticias\/wp-content\/uploads\/2019\/12\/IMG_20191223_060906_698-1536x902.jpg 1536w, https:\/\/blogdorogeriogomes.com.br\/noticias\/wp-content\/uploads\/2019\/12\/IMG_20191223_060906_698-2048x1203.jpg 2048w, https:\/\/blogdorogeriogomes.com.br\/noticias\/wp-content\/uploads\/2019\/12\/IMG_20191223_060906_698-800x470.jpg 800w\" sizes=\"auto, (max-width: 1024px) 100vw, 1024px\" \/><\/figure><\/li><\/ul><\/figure>\n","protected":false},"excerpt":{"rendered":"<p>A Prefeitura de Fortaleza entrega, por meio da Secretaria do Desenvolvimento Habitacional de Fortaleza (Habitafor), nesta segunda-feira, dia 23 de dezembro, mais 264 apartamentos da segunda e \u00faltima etapa do Residencial Vila do Mar III e 370 melhorias habitacionais no bairro Pirambu (Regional I). O evento contar\u00e1 com a presen\u00e7a do prefeito Roberto Cl\u00e1udio e da secret\u00e1ria de Habita\u00e7\u00e3o, Olinda Marques. Ap\u00f3s o recebimento das chaves e assinado o termo de moradia, os benefici\u00e1rios poder\u00e3o solicitar os servi\u00e7os de&hellip;<\/p>\n","protected":false},"author":1,"featured_media":15114,"comment_status":"open","ping_status":"open","sticky":false,"template":"","format":"standard","meta":{"footnotes":""},"categories":[1],"tags":[],"class_list":["post-15113","post","type-post","status-publish","format-standard","has-post-thumbnail","hentry","category-noticias"],"_links":{"self":[{"href":"https:\/\/blogdorogeriogomes.com.br\/noticias\/wp-json\/wp\/v2\/posts\/15113","targetHints":{"allow":["GET"]}}],"collection":[{"href":"https:\/\/blogdorogeriogomes.com.br\/noticias\/wp-json\/wp\/v2\/posts"}],"about":[{"href":"https:\/\/blogdorogeriogomes.com.br\/noticias\/wp-json\/wp\/v2\/types\/post"}],"author":[{"embeddable":true,"href":"https:\/\/blogdorogeriogomes.com.br\/noticias\/wp-json\/wp\/v2\/users\/1"}],"replies":[{"embeddable":true,"href":"https:\/\/blogdorogeriogomes.com.br\/noticias\/wp-json\/wp\/v2\/comments?post=15113"}],"version-history":[{"count":1,"href":"https:\/\/blogdorogeriogomes.com.br\/noticias\/wp-json\/wp\/v2\/posts\/15113\/revisions"}],"predecessor-version":[{"id":15115,"href":"https:\/\/blogdorogeriogomes.com.br\/noticias\/wp-json\/wp\/v2\/posts\/15113\/revisions\/15115"}],"wp:featuredmedia":[{"embeddable":true,"href":"https:\/\/blogdorogeriogomes.com.br\/noticias\/wp-json\/wp\/v2\/media\/15114"}],"wp:attachment":[{"href":"https:\/\/blogdorogeriogomes.com.br\/noticias\/wp-json\/wp\/v2\/media?parent=15113"}],"wp:term":[{"taxonomy":"category","embeddable":true,"href":"https:\/\/blogdorogeriogomes.com.br\/noticias\/wp-json\/wp\/v2\/categories?post=15113"},{"taxonomy":"post_tag","embeddable":true,"href":"https:\/\/blogdorogeriogomes.com.br\/noticias\/wp-json\/wp\/v2\/tags?post=15113"}],"curies":[{"name":"wp","href":"https:\/\/api.w.org\/{rel}","templated":true}]}}