{"id":15116,"date":"2019-12-23T22:24:19","date_gmt":"2019-12-23T22:24:19","guid":{"rendered":"http:\/\/blogdorogeriogomes.com.br\/?p=15116"},"modified":"2019-12-24T11:07:58","modified_gmt":"2019-12-24T11:07:58","slug":"governo-federal-extingue-mais-de-27-mil-cargos-e-medida-atinge-agentes-de-saude","status":"publish","type":"post","link":"https:\/\/blogdorogeriogomes.com.br\/noticias\/2019\/12\/governo-federal-extingue-mais-de-27-mil-cargos-e-medida-atinge-agentes-de-saude\/","title":{"rendered":"Governo Federal extingue mais de 27 mil cargos e medida atinge agentes de sa\u00fade"},"content":{"rendered":"\n<p>O Governo Federal extinguiu mais de 27.500 cargos efetivos do seu quadro de pessoal para organizar a estrutura de carreiras. O Minist\u00e9rio da Economia informou que analisou cerca de 500 mil cargos para &#8220;identificar aqueles que n\u00e3o s\u00e3o mais condizentes com a realidade da atual for\u00e7a de trabalho federal&#8221;.<br>\nO Minist\u00e9rio da Sa\u00fade foi o \u00f3rg\u00e3o mais atingido. Na pasta ocorrer\u00e1 a redu\u00e7\u00e3o de 22.476 cargos, o que representa cerca de 81% do total de cargos extintos. Apenas no cargo de Agente de Sa\u00fade P\u00fablica ser\u00e3o extintos 10.661 cargos.<br>\nA medida tamb\u00e9m pro\u00edbe a realiza\u00e7\u00e3o de concurso p\u00fablico para uma s\u00e9rie de cargos de institui\u00e7\u00f5es de ensino vinculadas ao Minist\u00e9rio da Educa\u00e7\u00e3o.<\/p>\n\n\n\n<figure class=\"wp-block-gallery columns-1 is-cropped wp-block-gallery-1 is-layout-flex wp-block-gallery-is-layout-flex\"><ul class=\"blocks-gallery-grid\"><li class=\"blocks-gallery-item\"><figure><img loading=\"lazy\" decoding=\"async\" width=\"598\" height=\"452\" src=\"http:\/\/blogdorogeriogomes.com.br\/wp-content\/uploads\/2019\/12\/IMG_20191223_191508_266.jpg\" alt=\"\" data-id=\"15117\" data-full-url=\"http:\/\/blogdorogeriogomes.com.br\/wp-content\/uploads\/2019\/12\/IMG_20191223_191508_266.jpg\" data-link=\"http:\/\/blogdorogeriogomes.com.br\/?attachment_id=15117\" class=\"wp-image-15117\" srcset=\"https:\/\/blogdorogeriogomes.com.br\/noticias\/wp-content\/uploads\/2019\/12\/IMG_20191223_191508_266.jpg 598w, https:\/\/blogdorogeriogomes.com.br\/noticias\/wp-content\/uploads\/2019\/12\/IMG_20191223_191508_266-300x227.jpg 300w\" sizes=\"auto, (max-width: 598px) 100vw, 598px\" \/><\/figure><\/li><\/ul><\/figure>\n","protected":false},"excerpt":{"rendered":"<p>O Governo Federal extinguiu mais de 27.500 cargos efetivos do seu quadro de pessoal para organizar a estrutura de carreiras. O Minist\u00e9rio da Economia informou que analisou cerca de 500 mil cargos para &#8220;identificar aqueles que n\u00e3o s\u00e3o mais condizentes com a realidade da atual for\u00e7a de trabalho federal&#8221;. O Minist\u00e9rio da Sa\u00fade foi o \u00f3rg\u00e3o mais atingido. Na pasta ocorrer\u00e1 a redu\u00e7\u00e3o de 22.476 cargos, o que representa cerca de 81% do total de cargos extintos. Apenas no&hellip;<\/p>\n","protected":false},"author":1,"featured_media":15117,"comment_status":"open","ping_status":"open","sticky":false,"template":"","format":"standard","meta":{"footnotes":""},"categories":[1],"tags":[],"class_list":["post-15116","post","type-post","status-publish","format-standard","has-post-thumbnail","hentry","category-noticias"],"_links":{"self":[{"href":"https:\/\/blogdorogeriogomes.com.br\/noticias\/wp-json\/wp\/v2\/posts\/15116","targetHints":{"allow":["GET"]}}],"collection":[{"href":"https:\/\/blogdorogeriogomes.com.br\/noticias\/wp-json\/wp\/v2\/posts"}],"about":[{"href":"https:\/\/blogdorogeriogomes.com.br\/noticias\/wp-json\/wp\/v2\/types\/post"}],"author":[{"embeddable":true,"href":"https:\/\/blogdorogeriogomes.com.br\/noticias\/wp-json\/wp\/v2\/users\/1"}],"replies":[{"embeddable":true,"href":"https:\/\/blogdorogeriogomes.com.br\/noticias\/wp-json\/wp\/v2\/comments?post=15116"}],"version-history":[{"count":1,"href":"https:\/\/blogdorogeriogomes.com.br\/noticias\/wp-json\/wp\/v2\/posts\/15116\/revisions"}],"predecessor-version":[{"id":15118,"href":"https:\/\/blogdorogeriogomes.com.br\/noticias\/wp-json\/wp\/v2\/posts\/15116\/revisions\/15118"}],"wp:featuredmedia":[{"embeddable":true,"href":"https:\/\/blogdorogeriogomes.com.br\/noticias\/wp-json\/wp\/v2\/media\/15117"}],"wp:attachment":[{"href":"https:\/\/blogdorogeriogomes.com.br\/noticias\/wp-json\/wp\/v2\/media?parent=15116"}],"wp:term":[{"taxonomy":"category","embeddable":true,"href":"https:\/\/blogdorogeriogomes.com.br\/noticias\/wp-json\/wp\/v2\/categories?post=15116"},{"taxonomy":"post_tag","embeddable":true,"href":"https:\/\/blogdorogeriogomes.com.br\/noticias\/wp-json\/wp\/v2\/tags?post=15116"}],"curies":[{"name":"wp","href":"https:\/\/api.w.org\/{rel}","templated":true}]}}