{"id":15119,"date":"2019-12-23T22:41:40","date_gmt":"2019-12-23T22:41:40","guid":{"rendered":"http:\/\/blogdorogeriogomes.com.br\/?p=15119"},"modified":"2019-12-24T11:07:41","modified_gmt":"2019-12-24T11:07:41","slug":"ufc-recua-de-suspensao-e-mantem-concurso-para-cargos-tecnico-administrativos-em-2020","status":"publish","type":"post","link":"https:\/\/blogdorogeriogomes.com.br\/noticias\/2019\/12\/ufc-recua-de-suspensao-e-mantem-concurso-para-cargos-tecnico-administrativos-em-2020\/","title":{"rendered":"UFC recua de suspens\u00e3o e mant\u00e9m concurso para cargos t\u00e9cnico-administrativos em 2020"},"content":{"rendered":"\n<p>Em menos de 24 horas, a reitoria da Universidade Federal do Cear\u00e1 (UFC) recuou da decis\u00e3o de suspender o concurso p\u00fablico para cargos t\u00e9cnico-administrativos previsto para 2020. A suspens\u00e3o chegou a ser publicada no Di\u00e1rio Oficial da Uni\u00e3o, mas foi revogada pelo reitor C\u00e2ndido Albuquerque, que tinha alegado a &#8220;necessidade de se conhecer previamente o or\u00e7amento da Universidade Federal do Cear\u00e1 para 2020&#8221;.<br>\nNo concurso da UFC previsto para o pr\u00f3ximo ano s\u00e3o ofertadas 26 vagas para atua\u00e7\u00e3o t\u00e9cnico-administrativa nos campi de Fortaleza, Crate\u00fas, Quixad\u00e1 e Russas. As inscri\u00e7\u00f5es acontecem entre os dias 22 de janeiro e 2 de fevereiro de 2020, exclusivamente pela internet. Os cargos s\u00e3o para n\u00edvel m\u00e9dio, com sal\u00e1rio inicial de R$ 2.904,96, e para n\u00edvel superior, com remunera\u00e7\u00e3o inicial de R$ 4.638,66.<\/p>\n\n\n\n<figure class=\"wp-block-gallery columns-1 is-cropped wp-block-gallery-1 is-layout-flex wp-block-gallery-is-layout-flex\"><ul class=\"blocks-gallery-grid\"><li class=\"blocks-gallery-item\"><figure><img loading=\"lazy\" decoding=\"async\" width=\"678\" height=\"452\" src=\"http:\/\/blogdorogeriogomes.com.br\/wp-content\/uploads\/2019\/12\/IMG_20191223_193400_323.jpg\" alt=\"\" data-id=\"15120\" data-full-url=\"http:\/\/blogdorogeriogomes.com.br\/wp-content\/uploads\/2019\/12\/IMG_20191223_193400_323.jpg\" data-link=\"http:\/\/blogdorogeriogomes.com.br\/?attachment_id=15120\" class=\"wp-image-15120\" srcset=\"https:\/\/blogdorogeriogomes.com.br\/noticias\/wp-content\/uploads\/2019\/12\/IMG_20191223_193400_323.jpg 678w, https:\/\/blogdorogeriogomes.com.br\/noticias\/wp-content\/uploads\/2019\/12\/IMG_20191223_193400_323-300x200.jpg 300w\" sizes=\"auto, (max-width: 678px) 100vw, 678px\" \/><\/figure><\/li><\/ul><\/figure>\n","protected":false},"excerpt":{"rendered":"<p>Em menos de 24 horas, a reitoria da Universidade Federal do Cear\u00e1 (UFC) recuou da decis\u00e3o de suspender o concurso p\u00fablico para cargos t\u00e9cnico-administrativos previsto para 2020. A suspens\u00e3o chegou a ser publicada no Di\u00e1rio Oficial da Uni\u00e3o, mas foi revogada pelo reitor C\u00e2ndido Albuquerque, que tinha alegado a &#8220;necessidade de se conhecer previamente o or\u00e7amento da Universidade Federal do Cear\u00e1 para 2020&#8221;. No concurso da UFC previsto para o pr\u00f3ximo ano s\u00e3o ofertadas 26 vagas para atua\u00e7\u00e3o t\u00e9cnico-administrativa&hellip;<\/p>\n","protected":false},"author":1,"featured_media":15120,"comment_status":"open","ping_status":"open","sticky":false,"template":"","format":"standard","meta":{"footnotes":""},"categories":[1],"tags":[],"class_list":["post-15119","post","type-post","status-publish","format-standard","has-post-thumbnail","hentry","category-noticias"],"_links":{"self":[{"href":"https:\/\/blogdorogeriogomes.com.br\/noticias\/wp-json\/wp\/v2\/posts\/15119","targetHints":{"allow":["GET"]}}],"collection":[{"href":"https:\/\/blogdorogeriogomes.com.br\/noticias\/wp-json\/wp\/v2\/posts"}],"about":[{"href":"https:\/\/blogdorogeriogomes.com.br\/noticias\/wp-json\/wp\/v2\/types\/post"}],"author":[{"embeddable":true,"href":"https:\/\/blogdorogeriogomes.com.br\/noticias\/wp-json\/wp\/v2\/users\/1"}],"replies":[{"embeddable":true,"href":"https:\/\/blogdorogeriogomes.com.br\/noticias\/wp-json\/wp\/v2\/comments?post=15119"}],"version-history":[{"count":1,"href":"https:\/\/blogdorogeriogomes.com.br\/noticias\/wp-json\/wp\/v2\/posts\/15119\/revisions"}],"predecessor-version":[{"id":15121,"href":"https:\/\/blogdorogeriogomes.com.br\/noticias\/wp-json\/wp\/v2\/posts\/15119\/revisions\/15121"}],"wp:featuredmedia":[{"embeddable":true,"href":"https:\/\/blogdorogeriogomes.com.br\/noticias\/wp-json\/wp\/v2\/media\/15120"}],"wp:attachment":[{"href":"https:\/\/blogdorogeriogomes.com.br\/noticias\/wp-json\/wp\/v2\/media?parent=15119"}],"wp:term":[{"taxonomy":"category","embeddable":true,"href":"https:\/\/blogdorogeriogomes.com.br\/noticias\/wp-json\/wp\/v2\/categories?post=15119"},{"taxonomy":"post_tag","embeddable":true,"href":"https:\/\/blogdorogeriogomes.com.br\/noticias\/wp-json\/wp\/v2\/tags?post=15119"}],"curies":[{"name":"wp","href":"https:\/\/api.w.org\/{rel}","templated":true}]}}