{"id":15126,"date":"2019-12-24T08:59:50","date_gmt":"2019-12-24T08:59:50","guid":{"rendered":"http:\/\/blogdorogeriogomes.com.br\/?p=15126"},"modified":"2019-12-24T11:07:19","modified_gmt":"2019-12-24T11:07:19","slug":"prefeito-roberto-claudio-reune-secretariado-e-define-cronograma-de-acoes-para-ultimo-ano-de-gestao","status":"publish","type":"post","link":"https:\/\/blogdorogeriogomes.com.br\/noticias\/2019\/12\/prefeito-roberto-claudio-reune-secretariado-e-define-cronograma-de-acoes-para-ultimo-ano-de-gestao\/","title":{"rendered":"Prefeito Roberto Cl\u00e1udio re\u00fane secretariado e define cronograma de a\u00e7\u00f5es para \u00faltimo ano de gest\u00e3o"},"content":{"rendered":"\n<p>O prefeito de Fortaleza, Roberto Cl\u00e1udio, me concedeu uma entrevista exclusiva sobre o balan\u00e7o de a\u00e7\u00f5es de 2019, al\u00e9m de falar sobre a sucess\u00e3o municipal no pleito do pr\u00f3ximo ano, a reforma administrativa na estrutura das Regionais, entre outros assuntos. A entrevista vai ao ar no jornal &#8220;Cear\u00e1 no Ar&#8221;, pela TV Cidade\/RecordTV, nesta quarta-feira, dia 25 de dezembro, a partir das 7h30min.<br>\nNesta segunda-feira, dia 23, Roberto Cl\u00e1udio reuniu os secret\u00e1rios municipais para atualizar o cronograma de investimentos do Programa Mais A\u00e7\u00e3o. O prefeito da Capital entra 2020 com mais de R$ 1 bilh\u00e3o de reais em caixa para execu\u00e7\u00e3o de obras no seu \u00faltimo ano de gest\u00e3o. Foram definidas a\u00e7\u00f5es priorit\u00e1rias para garantir a execu\u00e7\u00e3o de obras como a reforma e constru\u00e7\u00e3o de unidades de sa\u00fade, a requalifica\u00e7\u00e3o de espa\u00e7os p\u00fablicos, a edifica\u00e7\u00e3o de Centros de Educa\u00e7\u00e3o Infantil e Escolas de Tempo Integral, a urbaniza\u00e7\u00e3o de lagoas, a drenagem e a pavimenta\u00e7\u00e3o de vias, al\u00e9m da implanta\u00e7\u00e3o de bin\u00e1rios, ciclofaixas e melhorias voltadas ao transporte p\u00fablico municipal. O pacote inclui, ainda, a constru\u00e7\u00e3o de novas Areninhas, a expans\u00e3o da assist\u00eancia \u00e0 sa\u00fade animal e a amplia\u00e7\u00e3o da rede de Ecopontos. A iniciativa deve contemplar todas as Regionais da Capital.<\/p>\n\n\n\n<figure class=\"wp-block-gallery columns-1 is-cropped wp-block-gallery-1 is-layout-flex wp-block-gallery-is-layout-flex\"><ul class=\"blocks-gallery-grid\"><li class=\"blocks-gallery-item\"><figure><img loading=\"lazy\" decoding=\"async\" width=\"1024\" height=\"769\" src=\"http:\/\/blogdorogeriogomes.com.br\/wp-content\/uploads\/2019\/12\/IMG_20191224_055503_492-1024x769.jpg\" alt=\"\" data-id=\"15127\" data-full-url=\"http:\/\/blogdorogeriogomes.com.br\/wp-content\/uploads\/2019\/12\/IMG_20191224_055503_492-scaled.jpg\" data-link=\"http:\/\/blogdorogeriogomes.com.br\/?attachment_id=15127\" class=\"wp-image-15127\" srcset=\"https:\/\/blogdorogeriogomes.com.br\/noticias\/wp-content\/uploads\/2019\/12\/IMG_20191224_055503_492-1024x769.jpg 1024w, https:\/\/blogdorogeriogomes.com.br\/noticias\/wp-content\/uploads\/2019\/12\/IMG_20191224_055503_492-300x225.jpg 300w, https:\/\/blogdorogeriogomes.com.br\/noticias\/wp-content\/uploads\/2019\/12\/IMG_20191224_055503_492-768x577.jpg 768w, https:\/\/blogdorogeriogomes.com.br\/noticias\/wp-content\/uploads\/2019\/12\/IMG_20191224_055503_492-1536x1154.jpg 1536w, https:\/\/blogdorogeriogomes.com.br\/noticias\/wp-content\/uploads\/2019\/12\/IMG_20191224_055503_492-2048x1539.jpg 2048w, https:\/\/blogdorogeriogomes.com.br\/noticias\/wp-content\/uploads\/2019\/12\/IMG_20191224_055503_492-800x601.jpg 800w, https:\/\/blogdorogeriogomes.com.br\/noticias\/wp-content\/uploads\/2019\/12\/IMG_20191224_055503_492-400x300.jpg 400w\" sizes=\"auto, (max-width: 1024px) 100vw, 1024px\" \/><\/figure><\/li><\/ul><\/figure>\n","protected":false},"excerpt":{"rendered":"<p>O prefeito de Fortaleza, Roberto Cl\u00e1udio, me concedeu uma entrevista exclusiva sobre o balan\u00e7o de a\u00e7\u00f5es de 2019, al\u00e9m de falar sobre a sucess\u00e3o municipal no pleito do pr\u00f3ximo ano, a reforma administrativa na estrutura das Regionais, entre outros assuntos. A entrevista vai ao ar no jornal &#8220;Cear\u00e1 no Ar&#8221;, pela TV Cidade\/RecordTV, nesta quarta-feira, dia 25 de dezembro, a partir das 7h30min. Nesta segunda-feira, dia 23, Roberto Cl\u00e1udio reuniu os secret\u00e1rios municipais para atualizar o cronograma de investimentos&hellip;<\/p>\n","protected":false},"author":1,"featured_media":15127,"comment_status":"open","ping_status":"open","sticky":false,"template":"","format":"standard","meta":{"footnotes":""},"categories":[1],"tags":[],"class_list":["post-15126","post","type-post","status-publish","format-standard","has-post-thumbnail","hentry","category-noticias"],"_links":{"self":[{"href":"https:\/\/blogdorogeriogomes.com.br\/noticias\/wp-json\/wp\/v2\/posts\/15126","targetHints":{"allow":["GET"]}}],"collection":[{"href":"https:\/\/blogdorogeriogomes.com.br\/noticias\/wp-json\/wp\/v2\/posts"}],"about":[{"href":"https:\/\/blogdorogeriogomes.com.br\/noticias\/wp-json\/wp\/v2\/types\/post"}],"author":[{"embeddable":true,"href":"https:\/\/blogdorogeriogomes.com.br\/noticias\/wp-json\/wp\/v2\/users\/1"}],"replies":[{"embeddable":true,"href":"https:\/\/blogdorogeriogomes.com.br\/noticias\/wp-json\/wp\/v2\/comments?post=15126"}],"version-history":[{"count":1,"href":"https:\/\/blogdorogeriogomes.com.br\/noticias\/wp-json\/wp\/v2\/posts\/15126\/revisions"}],"predecessor-version":[{"id":15128,"href":"https:\/\/blogdorogeriogomes.com.br\/noticias\/wp-json\/wp\/v2\/posts\/15126\/revisions\/15128"}],"wp:featuredmedia":[{"embeddable":true,"href":"https:\/\/blogdorogeriogomes.com.br\/noticias\/wp-json\/wp\/v2\/media\/15127"}],"wp:attachment":[{"href":"https:\/\/blogdorogeriogomes.com.br\/noticias\/wp-json\/wp\/v2\/media?parent=15126"}],"wp:term":[{"taxonomy":"category","embeddable":true,"href":"https:\/\/blogdorogeriogomes.com.br\/noticias\/wp-json\/wp\/v2\/categories?post=15126"},{"taxonomy":"post_tag","embeddable":true,"href":"https:\/\/blogdorogeriogomes.com.br\/noticias\/wp-json\/wp\/v2\/tags?post=15126"}],"curies":[{"name":"wp","href":"https:\/\/api.w.org\/{rel}","templated":true}]}}