{"id":15129,"date":"2019-12-25T08:59:08","date_gmt":"2019-12-25T08:59:08","guid":{"rendered":"http:\/\/blogdorogeriogomes.com.br\/?p=15129"},"modified":"2019-12-29T11:23:31","modified_gmt":"2019-12-29T11:23:31","slug":"governo-do-ceara-promove-oficiais-e-pracas-da-policia-militar-e-bombeiros-na-zona-norte","status":"publish","type":"post","link":"https:\/\/blogdorogeriogomes.com.br\/noticias\/2019\/12\/governo-do-ceara-promove-oficiais-e-pracas-da-policia-militar-e-bombeiros-na-zona-norte\/","title":{"rendered":"Governo do Cear\u00e1 promove oficiais e pra\u00e7as da Pol\u00edcia Militar e Bombeiros na Zona Norte"},"content":{"rendered":"\n<p>O governador do Cear\u00e1, Camilo Santana, participa nesta quinta-feira, dia 26 de dezembro, em Sobral, da solenidade de promo\u00e7\u00e3o de oficiais e pra\u00e7as da Pol\u00edcia Militar e do Corpo de Bombeiros Militar do Estado do Cear\u00e1 na Regi\u00e3o Norte. A cerim\u00f4nia ser\u00e1 realizada na Pra\u00e7a S\u00e3o Jo\u00e3o. Ao todo, 3.037 profissionais est\u00e3o sendo promovidos em todo Estado, beneficiados pela lei que garante a ascens\u00e3o cont\u00ednua nas carreiras das corpora\u00e7\u00f5es, sancionada em 2015.<br>\nNo mesmo dia, o governador Camilo Santana, o prefeito de Sobral, Ivo Gomes e o secret\u00e1rio das Cidades, Zezinho Albuquerque entregam a urbaniza\u00e7\u00e3o do Alto do Cristo, tamb\u00e9m em Sobral. Foram executadas atividades de pavimenta\u00e7\u00e3o nas ruas de acesso, urbaniza\u00e7\u00e3o do entorno, com pra\u00e7as, arboriza\u00e7\u00e3o, academia e foi implementada a escadaria de acesso ao Alto do Cristo com guarda-corpo.<\/p>\n\n\n\n<figure class=\"wp-block-gallery columns-1 is-cropped wp-block-gallery-1 is-layout-flex wp-block-gallery-is-layout-flex\"><ul class=\"blocks-gallery-grid\"><li class=\"blocks-gallery-item\"><figure><img loading=\"lazy\" decoding=\"async\" width=\"1024\" height=\"536\" src=\"http:\/\/blogdorogeriogomes.com.br\/wp-content\/uploads\/2019\/12\/IMG_20191225_055450_729-1024x536.jpg\" alt=\"\" data-id=\"15130\" data-full-url=\"http:\/\/blogdorogeriogomes.com.br\/wp-content\/uploads\/2019\/12\/IMG_20191225_055450_729.jpg\" data-link=\"http:\/\/blogdorogeriogomes.com.br\/?attachment_id=15130\" class=\"wp-image-15130\" srcset=\"https:\/\/blogdorogeriogomes.com.br\/noticias\/wp-content\/uploads\/2019\/12\/IMG_20191225_055450_729-1024x536.jpg 1024w, https:\/\/blogdorogeriogomes.com.br\/noticias\/wp-content\/uploads\/2019\/12\/IMG_20191225_055450_729-300x157.jpg 300w, https:\/\/blogdorogeriogomes.com.br\/noticias\/wp-content\/uploads\/2019\/12\/IMG_20191225_055450_729-768x402.jpg 768w, https:\/\/blogdorogeriogomes.com.br\/noticias\/wp-content\/uploads\/2019\/12\/IMG_20191225_055450_729-1536x804.jpg 1536w, https:\/\/blogdorogeriogomes.com.br\/noticias\/wp-content\/uploads\/2019\/12\/IMG_20191225_055450_729-800x419.jpg 800w, https:\/\/blogdorogeriogomes.com.br\/noticias\/wp-content\/uploads\/2019\/12\/IMG_20191225_055450_729.jpg 1725w\" sizes=\"auto, (max-width: 1024px) 100vw, 1024px\" \/><\/figure><\/li><\/ul><\/figure>\n","protected":false},"excerpt":{"rendered":"<p>O governador do Cear\u00e1, Camilo Santana, participa nesta quinta-feira, dia 26 de dezembro, em Sobral, da solenidade de promo\u00e7\u00e3o de oficiais e pra\u00e7as da Pol\u00edcia Militar e do Corpo de Bombeiros Militar do Estado do Cear\u00e1 na Regi\u00e3o Norte. A cerim\u00f4nia ser\u00e1 realizada na Pra\u00e7a S\u00e3o Jo\u00e3o. Ao todo, 3.037 profissionais est\u00e3o sendo promovidos em todo Estado, beneficiados pela lei que garante a ascens\u00e3o cont\u00ednua nas carreiras das corpora\u00e7\u00f5es, sancionada em 2015. No mesmo dia, o governador Camilo Santana,&hellip;<\/p>\n","protected":false},"author":1,"featured_media":15130,"comment_status":"open","ping_status":"open","sticky":false,"template":"","format":"standard","meta":{"footnotes":""},"categories":[1],"tags":[],"class_list":["post-15129","post","type-post","status-publish","format-standard","has-post-thumbnail","hentry","category-noticias"],"_links":{"self":[{"href":"https:\/\/blogdorogeriogomes.com.br\/noticias\/wp-json\/wp\/v2\/posts\/15129","targetHints":{"allow":["GET"]}}],"collection":[{"href":"https:\/\/blogdorogeriogomes.com.br\/noticias\/wp-json\/wp\/v2\/posts"}],"about":[{"href":"https:\/\/blogdorogeriogomes.com.br\/noticias\/wp-json\/wp\/v2\/types\/post"}],"author":[{"embeddable":true,"href":"https:\/\/blogdorogeriogomes.com.br\/noticias\/wp-json\/wp\/v2\/users\/1"}],"replies":[{"embeddable":true,"href":"https:\/\/blogdorogeriogomes.com.br\/noticias\/wp-json\/wp\/v2\/comments?post=15129"}],"version-history":[{"count":1,"href":"https:\/\/blogdorogeriogomes.com.br\/noticias\/wp-json\/wp\/v2\/posts\/15129\/revisions"}],"predecessor-version":[{"id":15131,"href":"https:\/\/blogdorogeriogomes.com.br\/noticias\/wp-json\/wp\/v2\/posts\/15129\/revisions\/15131"}],"wp:featuredmedia":[{"embeddable":true,"href":"https:\/\/blogdorogeriogomes.com.br\/noticias\/wp-json\/wp\/v2\/media\/15130"}],"wp:attachment":[{"href":"https:\/\/blogdorogeriogomes.com.br\/noticias\/wp-json\/wp\/v2\/media?parent=15129"}],"wp:term":[{"taxonomy":"category","embeddable":true,"href":"https:\/\/blogdorogeriogomes.com.br\/noticias\/wp-json\/wp\/v2\/categories?post=15129"},{"taxonomy":"post_tag","embeddable":true,"href":"https:\/\/blogdorogeriogomes.com.br\/noticias\/wp-json\/wp\/v2\/tags?post=15129"}],"curies":[{"name":"wp","href":"https:\/\/api.w.org\/{rel}","templated":true}]}}