{"id":15132,"date":"2019-12-25T09:16:06","date_gmt":"2019-12-25T09:16:06","guid":{"rendered":"http:\/\/blogdorogeriogomes.com.br\/?p=15132"},"modified":"2019-12-29T11:23:18","modified_gmt":"2019-12-29T11:23:18","slug":"politicos-cearenses-cobram-rigor-na-investigacao-do-assassinato-do-prefeito-de-granjeiro","status":"publish","type":"post","link":"https:\/\/blogdorogeriogomes.com.br\/noticias\/2019\/12\/politicos-cearenses-cobram-rigor-na-investigacao-do-assassinato-do-prefeito-de-granjeiro\/","title":{"rendered":"Pol\u00edticos cearenses cobram rigor na investiga\u00e7\u00e3o do assassinato do prefeito de Granjeiro"},"content":{"rendered":"\n<p>Pol\u00edticos cearenses cobram rigor da Secretaria de Seguran\u00e7a P\u00fablica e Defesa Social na investiga\u00e7\u00e3o do assassinato do prefeito do munic\u00edpio de Granjeiro, Jo\u00e3o Greg\u00f3rio Neto, conhecido como Jo\u00e3o do Povo. O crime ocorreu nesta ter\u00e7a-feira, dia 24 de dezembro. <br>\n\u201cQue seu legado seja a melhor lembran\u00e7a para o povo de Granjeiro. E apurem-se devidamente os fatos que resultaram na partida s\u00fabita de Jo\u00e3o\u201d, destacou o presidente da Associa\u00e7\u00e3o dos Prefeitos do Cear\u00e1, Nilson Diniz. \u201cJ\u00e1 determinei rigor absoluto nas investiga\u00e7\u00f5es, com refor\u00e7o de equipes na regi\u00e3o, para que os criminosos sejam identificados e presos o mais r\u00e1pido poss\u00edvel\u201d, disse o governador Camilo Santana.<br>\nOs motivos do crime ainda est\u00e3o sendo investigados pela Pol\u00edcia. Jo\u00e3o do Povo era um dos investigados pela Opera\u00e7\u00e3o \u201cBricolagem\u201d, deflagrada pela Pol\u00edcia Federal (PF) em novembro de 2018.  A apura\u00e7\u00e3o se debru\u00e7ava sobre fraudes em licita\u00e7\u00f5es. A defesa do prefeito, por\u00e9m, nega as acusa\u00e7\u00f5es. O vice-prefeito de Granjeiro, Ticiano F\u00e9lix da Fonseca, o Ticiano Tom\u00e9 (PSDB), deve assumir a gest\u00e3o do munic\u00edpio.<\/p>\n\n\n\n<figure class=\"wp-block-gallery columns-1 is-cropped wp-block-gallery-1 is-layout-flex wp-block-gallery-is-layout-flex\"><ul class=\"blocks-gallery-grid\"><li class=\"blocks-gallery-item\"><figure><img loading=\"lazy\" decoding=\"async\" width=\"601\" height=\"490\" src=\"http:\/\/blogdorogeriogomes.com.br\/wp-content\/uploads\/2019\/12\/IMG_20191225_061308_175.jpg\" alt=\"\" data-id=\"15133\" data-full-url=\"http:\/\/blogdorogeriogomes.com.br\/wp-content\/uploads\/2019\/12\/IMG_20191225_061308_175.jpg\" data-link=\"http:\/\/blogdorogeriogomes.com.br\/?attachment_id=15133\" class=\"wp-image-15133\" srcset=\"https:\/\/blogdorogeriogomes.com.br\/noticias\/wp-content\/uploads\/2019\/12\/IMG_20191225_061308_175.jpg 601w, https:\/\/blogdorogeriogomes.com.br\/noticias\/wp-content\/uploads\/2019\/12\/IMG_20191225_061308_175-300x245.jpg 300w\" sizes=\"auto, (max-width: 601px) 100vw, 601px\" \/><\/figure><\/li><\/ul><\/figure>\n","protected":false},"excerpt":{"rendered":"<p>Pol\u00edticos cearenses cobram rigor da Secretaria de Seguran\u00e7a P\u00fablica e Defesa Social na investiga\u00e7\u00e3o do assassinato do prefeito do munic\u00edpio de Granjeiro, Jo\u00e3o Greg\u00f3rio Neto, conhecido como Jo\u00e3o do Povo. O crime ocorreu nesta ter\u00e7a-feira, dia 24 de dezembro. \u201cQue seu legado seja a melhor lembran\u00e7a para o povo de Granjeiro. E apurem-se devidamente os fatos que resultaram na partida s\u00fabita de Jo\u00e3o\u201d, destacou o presidente da Associa\u00e7\u00e3o dos Prefeitos do Cear\u00e1, Nilson Diniz. \u201cJ\u00e1 determinei rigor absoluto nas&hellip;<\/p>\n","protected":false},"author":1,"featured_media":15133,"comment_status":"open","ping_status":"open","sticky":false,"template":"","format":"standard","meta":{"footnotes":""},"categories":[1],"tags":[],"class_list":["post-15132","post","type-post","status-publish","format-standard","has-post-thumbnail","hentry","category-noticias"],"_links":{"self":[{"href":"https:\/\/blogdorogeriogomes.com.br\/noticias\/wp-json\/wp\/v2\/posts\/15132","targetHints":{"allow":["GET"]}}],"collection":[{"href":"https:\/\/blogdorogeriogomes.com.br\/noticias\/wp-json\/wp\/v2\/posts"}],"about":[{"href":"https:\/\/blogdorogeriogomes.com.br\/noticias\/wp-json\/wp\/v2\/types\/post"}],"author":[{"embeddable":true,"href":"https:\/\/blogdorogeriogomes.com.br\/noticias\/wp-json\/wp\/v2\/users\/1"}],"replies":[{"embeddable":true,"href":"https:\/\/blogdorogeriogomes.com.br\/noticias\/wp-json\/wp\/v2\/comments?post=15132"}],"version-history":[{"count":1,"href":"https:\/\/blogdorogeriogomes.com.br\/noticias\/wp-json\/wp\/v2\/posts\/15132\/revisions"}],"predecessor-version":[{"id":15134,"href":"https:\/\/blogdorogeriogomes.com.br\/noticias\/wp-json\/wp\/v2\/posts\/15132\/revisions\/15134"}],"wp:featuredmedia":[{"embeddable":true,"href":"https:\/\/blogdorogeriogomes.com.br\/noticias\/wp-json\/wp\/v2\/media\/15133"}],"wp:attachment":[{"href":"https:\/\/blogdorogeriogomes.com.br\/noticias\/wp-json\/wp\/v2\/media?parent=15132"}],"wp:term":[{"taxonomy":"category","embeddable":true,"href":"https:\/\/blogdorogeriogomes.com.br\/noticias\/wp-json\/wp\/v2\/categories?post=15132"},{"taxonomy":"post_tag","embeddable":true,"href":"https:\/\/blogdorogeriogomes.com.br\/noticias\/wp-json\/wp\/v2\/tags?post=15132"}],"curies":[{"name":"wp","href":"https:\/\/api.w.org\/{rel}","templated":true}]}}