{"id":15135,"date":"2019-12-26T09:19:30","date_gmt":"2019-12-26T09:19:30","guid":{"rendered":"http:\/\/blogdorogeriogomes.com.br\/?p=15135"},"modified":"2019-12-29T11:23:03","modified_gmt":"2019-12-29T11:23:03","slug":"mp-de-bolsonaro-muda-a-regra-para-escolha-de-reitores-das-universidades-e-institutos-federais","status":"publish","type":"post","link":"https:\/\/blogdorogeriogomes.com.br\/noticias\/2019\/12\/mp-de-bolsonaro-muda-a-regra-para-escolha-de-reitores-das-universidades-e-institutos-federais\/","title":{"rendered":"MP de Bolsonaro muda a regra para escolha de reitores das universidades e institutos federais"},"content":{"rendered":"\n<p>O presidente Jair Bolsonaro decidiu oficializar a mudan\u00e7a nas regras de escolha de reitores das universidades federais no Pa\u00eds, como tamb\u00e9m dos institutos federais. Uma Medida Provis\u00f3ria (MP), publicada em 24 de dezembro pela Presid\u00eancia da Rep\u00fablica, estabelece agora que a palavra final sobre a nomea\u00e7\u00e3o de reitores em universidades federais ser\u00e1 do presidente Jair Bolsonaro, que poder\u00e1 n\u00e3o acatar o nome vencedor da lista tr\u00edplice de candidatos apresentada pela institui\u00e7\u00e3o. Isto j\u00e1 aconteceu este ano quando da escolha do advogado C\u00e2ndido Albuquerque, que foi nomeado reitor da Universidade Federal do Cear\u00e1, apesar de ter sido o terceiro colocado na lista tr\u00edplice.<br> Normalmente, o reitor \u00e9 escolhido pelo corpo de professores das universidades, por meio de uma vota\u00e7\u00e3o de uma lista tr\u00edplice. O mais votado dessa lista costuma ter seu nome sancionado pelo presidente, para um mandato de quatro anos. Bolsonaro decidiu mudar a regra.<\/p>\n\n\n\n<figure class=\"wp-block-gallery columns-1 is-cropped wp-block-gallery-1 is-layout-flex wp-block-gallery-is-layout-flex\"><ul class=\"blocks-gallery-grid\"><li class=\"blocks-gallery-item\"><figure><img loading=\"lazy\" decoding=\"async\" width=\"674\" height=\"451\" src=\"http:\/\/blogdorogeriogomes.com.br\/wp-content\/uploads\/2019\/12\/IMG_20191226_061421_687.jpg\" alt=\"\" data-id=\"15136\" data-full-url=\"http:\/\/blogdorogeriogomes.com.br\/wp-content\/uploads\/2019\/12\/IMG_20191226_061421_687.jpg\" data-link=\"http:\/\/blogdorogeriogomes.com.br\/?attachment_id=15136\" class=\"wp-image-15136\" srcset=\"https:\/\/blogdorogeriogomes.com.br\/noticias\/wp-content\/uploads\/2019\/12\/IMG_20191226_061421_687.jpg 674w, https:\/\/blogdorogeriogomes.com.br\/noticias\/wp-content\/uploads\/2019\/12\/IMG_20191226_061421_687-300x201.jpg 300w\" sizes=\"auto, (max-width: 674px) 100vw, 674px\" \/><\/figure><\/li><\/ul><\/figure>\n","protected":false},"excerpt":{"rendered":"<p>O presidente Jair Bolsonaro decidiu oficializar a mudan\u00e7a nas regras de escolha de reitores das universidades federais no Pa\u00eds, como tamb\u00e9m dos institutos federais. Uma Medida Provis\u00f3ria (MP), publicada em 24 de dezembro pela Presid\u00eancia da Rep\u00fablica, estabelece agora que a palavra final sobre a nomea\u00e7\u00e3o de reitores em universidades federais ser\u00e1 do presidente Jair Bolsonaro, que poder\u00e1 n\u00e3o acatar o nome vencedor da lista tr\u00edplice de candidatos apresentada pela institui\u00e7\u00e3o. Isto j\u00e1 aconteceu este ano quando da escolha&hellip;<\/p>\n","protected":false},"author":1,"featured_media":15136,"comment_status":"open","ping_status":"open","sticky":false,"template":"","format":"standard","meta":{"footnotes":""},"categories":[1],"tags":[],"class_list":["post-15135","post","type-post","status-publish","format-standard","has-post-thumbnail","hentry","category-noticias"],"_links":{"self":[{"href":"https:\/\/blogdorogeriogomes.com.br\/noticias\/wp-json\/wp\/v2\/posts\/15135","targetHints":{"allow":["GET"]}}],"collection":[{"href":"https:\/\/blogdorogeriogomes.com.br\/noticias\/wp-json\/wp\/v2\/posts"}],"about":[{"href":"https:\/\/blogdorogeriogomes.com.br\/noticias\/wp-json\/wp\/v2\/types\/post"}],"author":[{"embeddable":true,"href":"https:\/\/blogdorogeriogomes.com.br\/noticias\/wp-json\/wp\/v2\/users\/1"}],"replies":[{"embeddable":true,"href":"https:\/\/blogdorogeriogomes.com.br\/noticias\/wp-json\/wp\/v2\/comments?post=15135"}],"version-history":[{"count":1,"href":"https:\/\/blogdorogeriogomes.com.br\/noticias\/wp-json\/wp\/v2\/posts\/15135\/revisions"}],"predecessor-version":[{"id":15137,"href":"https:\/\/blogdorogeriogomes.com.br\/noticias\/wp-json\/wp\/v2\/posts\/15135\/revisions\/15137"}],"wp:featuredmedia":[{"embeddable":true,"href":"https:\/\/blogdorogeriogomes.com.br\/noticias\/wp-json\/wp\/v2\/media\/15136"}],"wp:attachment":[{"href":"https:\/\/blogdorogeriogomes.com.br\/noticias\/wp-json\/wp\/v2\/media?parent=15135"}],"wp:term":[{"taxonomy":"category","embeddable":true,"href":"https:\/\/blogdorogeriogomes.com.br\/noticias\/wp-json\/wp\/v2\/categories?post=15135"},{"taxonomy":"post_tag","embeddable":true,"href":"https:\/\/blogdorogeriogomes.com.br\/noticias\/wp-json\/wp\/v2\/tags?post=15135"}],"curies":[{"name":"wp","href":"https:\/\/api.w.org\/{rel}","templated":true}]}}