{"id":15141,"date":"2019-12-26T20:57:14","date_gmt":"2019-12-26T20:57:14","guid":{"rendered":"http:\/\/blogdorogeriogomes.com.br\/?p=15141"},"modified":"2019-12-29T11:22:30","modified_gmt":"2019-12-29T11:22:30","slug":"camilo-e-izolda-definem-proximos-passos-de-projeto-de-capacitacao-profissional-para-jovens","status":"publish","type":"post","link":"https:\/\/blogdorogeriogomes.com.br\/noticias\/2019\/12\/camilo-e-izolda-definem-proximos-passos-de-projeto-de-capacitacao-profissional-para-jovens\/","title":{"rendered":"Camilo e Izolda definem pr\u00f3ximos passos de projeto de capacita\u00e7\u00e3o profissional para jovens"},"content":{"rendered":"\n<p>O governador Camilo Santana e a vice-governadora Izolda Cela se reuniram nesta quinta-feira, dia 26 de dezembro, no Pal\u00e1cio da Aboli\u00e7\u00e3o, para avaliar os pr\u00f3ximos passos do projeto Supera\u00e7\u00e3o, pol\u00edtica de Estado que visa a cria\u00e7\u00e3o de oportunidades para jovens na faixa et\u00e1ria de 15 a 29 anos. At\u00e9 2022, v\u00e3o ser beneficiados cerca de 10 mil jovens que nem estudam, nem trabalham.<br>\nA primeira fase do projeto consiste da forma\u00e7\u00e3o cidad\u00e3 do jovem. Na segunda etapa, ser\u00e1 realizada a reinser\u00e7\u00e3o escolar, a qualifica\u00e7\u00e3o profissional (sa\u00fade, metalmec\u00e2nica, gest\u00e3o em neg\u00f3cios, turismo, gastronomia, jardinagem e paisagismo, comunica\u00e7\u00e3o, design, entre outros), a\u00e7\u00f5es comunit\u00e1rias e desenvolvimento esportivo e cultural. A terceira fase tem como objetivo a inser\u00e7\u00e3o dos jovens no mercado de trabalho.<\/p>\n\n\n\n<figure class=\"wp-block-gallery columns-1 is-cropped wp-block-gallery-1 is-layout-flex wp-block-gallery-is-layout-flex\"><ul class=\"blocks-gallery-grid\"><li class=\"blocks-gallery-item\"><figure><img loading=\"lazy\" decoding=\"async\" width=\"1024\" height=\"681\" src=\"http:\/\/blogdorogeriogomes.com.br\/wp-content\/uploads\/2019\/12\/IMG_20191226_174606_828-1024x681.jpg\" alt=\"\" data-id=\"15142\" data-full-url=\"http:\/\/blogdorogeriogomes.com.br\/wp-content\/uploads\/2019\/12\/IMG_20191226_174606_828.jpg\" data-link=\"http:\/\/blogdorogeriogomes.com.br\/?attachment_id=15142\" class=\"wp-image-15142\" srcset=\"https:\/\/blogdorogeriogomes.com.br\/noticias\/wp-content\/uploads\/2019\/12\/IMG_20191226_174606_828-1024x681.jpg 1024w, https:\/\/blogdorogeriogomes.com.br\/noticias\/wp-content\/uploads\/2019\/12\/IMG_20191226_174606_828-300x199.jpg 300w, https:\/\/blogdorogeriogomes.com.br\/noticias\/wp-content\/uploads\/2019\/12\/IMG_20191226_174606_828-768x511.jpg 768w, https:\/\/blogdorogeriogomes.com.br\/noticias\/wp-content\/uploads\/2019\/12\/IMG_20191226_174606_828-800x532.jpg 800w, https:\/\/blogdorogeriogomes.com.br\/noticias\/wp-content\/uploads\/2019\/12\/IMG_20191226_174606_828.jpg 1280w\" sizes=\"auto, (max-width: 1024px) 100vw, 1024px\" \/><\/figure><\/li><\/ul><\/figure>\n","protected":false},"excerpt":{"rendered":"<p>O governador Camilo Santana e a vice-governadora Izolda Cela se reuniram nesta quinta-feira, dia 26 de dezembro, no Pal\u00e1cio da Aboli\u00e7\u00e3o, para avaliar os pr\u00f3ximos passos do projeto Supera\u00e7\u00e3o, pol\u00edtica de Estado que visa a cria\u00e7\u00e3o de oportunidades para jovens na faixa et\u00e1ria de 15 a 29 anos. At\u00e9 2022, v\u00e3o ser beneficiados cerca de 10 mil jovens que nem estudam, nem trabalham. A primeira fase do projeto consiste da forma\u00e7\u00e3o cidad\u00e3 do jovem. Na segunda etapa, ser\u00e1 realizada&hellip;<\/p>\n","protected":false},"author":1,"featured_media":15142,"comment_status":"open","ping_status":"open","sticky":false,"template":"","format":"standard","meta":{"footnotes":""},"categories":[1],"tags":[],"class_list":["post-15141","post","type-post","status-publish","format-standard","has-post-thumbnail","hentry","category-noticias"],"_links":{"self":[{"href":"https:\/\/blogdorogeriogomes.com.br\/noticias\/wp-json\/wp\/v2\/posts\/15141","targetHints":{"allow":["GET"]}}],"collection":[{"href":"https:\/\/blogdorogeriogomes.com.br\/noticias\/wp-json\/wp\/v2\/posts"}],"about":[{"href":"https:\/\/blogdorogeriogomes.com.br\/noticias\/wp-json\/wp\/v2\/types\/post"}],"author":[{"embeddable":true,"href":"https:\/\/blogdorogeriogomes.com.br\/noticias\/wp-json\/wp\/v2\/users\/1"}],"replies":[{"embeddable":true,"href":"https:\/\/blogdorogeriogomes.com.br\/noticias\/wp-json\/wp\/v2\/comments?post=15141"}],"version-history":[{"count":1,"href":"https:\/\/blogdorogeriogomes.com.br\/noticias\/wp-json\/wp\/v2\/posts\/15141\/revisions"}],"predecessor-version":[{"id":15143,"href":"https:\/\/blogdorogeriogomes.com.br\/noticias\/wp-json\/wp\/v2\/posts\/15141\/revisions\/15143"}],"wp:featuredmedia":[{"embeddable":true,"href":"https:\/\/blogdorogeriogomes.com.br\/noticias\/wp-json\/wp\/v2\/media\/15142"}],"wp:attachment":[{"href":"https:\/\/blogdorogeriogomes.com.br\/noticias\/wp-json\/wp\/v2\/media?parent=15141"}],"wp:term":[{"taxonomy":"category","embeddable":true,"href":"https:\/\/blogdorogeriogomes.com.br\/noticias\/wp-json\/wp\/v2\/categories?post=15141"},{"taxonomy":"post_tag","embeddable":true,"href":"https:\/\/blogdorogeriogomes.com.br\/noticias\/wp-json\/wp\/v2\/tags?post=15141"}],"curies":[{"name":"wp","href":"https:\/\/api.w.org\/{rel}","templated":true}]}}