{"id":15144,"date":"2019-12-26T21:28:02","date_gmt":"2019-12-26T21:28:02","guid":{"rendered":"http:\/\/blogdorogeriogomes.com.br\/?p=15144"},"modified":"2019-12-29T11:22:05","modified_gmt":"2019-12-29T11:22:05","slug":"policia-federal-conclui-que-palestras-de-lula-foram-legais-mas-indicia-ex-presidente-por-doacoes-ao-instituto-do-petista","status":"publish","type":"post","link":"https:\/\/blogdorogeriogomes.com.br\/noticias\/2019\/12\/policia-federal-conclui-que-palestras-de-lula-foram-legais-mas-indicia-ex-presidente-por-doacoes-ao-instituto-do-petista\/","title":{"rendered":"Pol\u00edcia Federal conclui que palestras de Lula foram legais, mas indicia ex-presidente por doa\u00e7\u00f5es ao instituto do petista"},"content":{"rendered":"\n<p>Em relat\u00f3rio divulgado nesta quinta-feira, dia 26 de dezembro, a Pol\u00edcia Federal concluiu que as palestras feitas pelo ex-presidente Luis In\u00e1cio Lula da Silva no Brasil e no Exterior entre 2011 e 2015 por meio da empresa Lils, aberta por ele para este fim depois que deixou a Presid\u00eancia no final de 2010, foram legais e aconteceram de fato.<br>\nNo mesmo relat\u00f3rio, por\u00e9m, a PF indicia Lula e dirigentes do Instituto Lula, al\u00e9m de Marcelo Odebrecht e do ex-ministro Ant\u00f4nio Palocci, por doa\u00e7\u00f5es no valor total de R$ 4 milh\u00f5es feitas pela Odebrecht ao instituto do petista. Os valores foram considerados propina, de acordo com as conclus\u00f5es do inqu\u00e9rito da PF.<br>\n\u201cO indiciamento \u00e9 parte do Lawfare promovido pela Lava Jato de Curitiba contra o ex-presidente Lula, e n\u00e3o faz nenhum sentido: as doa\u00e7\u00f5es ao Instituto Lula foram formais, de origem identificada e sem qualquer contrapartida. \u00c0 \u00e9poca das doa\u00e7\u00f5es Lula sequer era agente p\u00fablico e o benefici\u00e1rio foi o Instituto Lula, institui\u00e7\u00e3o que tem por objetivo a preserva\u00e7\u00e3o de objetos que integram o patrim\u00f4nio cultural brasileiro e que n\u00e3o se confunde com a pessoa f\u00edsica do ex-presidente\u201d, disse o advogado de defesa do ex-presidente, Cristiano Zanini.<br>\nAgora, os autos ser\u00e3o submetidos ao Minist\u00e9rio P\u00fablico Federal (MPF), que definir\u00e1 se far\u00e1 ou n\u00e3o uma den\u00fancia \u00e0 Justi\u00e7a. Caso isso ocorra, um juiz avaliar\u00e1 se abre ou n\u00e3o uma a\u00e7\u00e3o penal.<\/p>\n\n\n\n<figure class=\"wp-block-gallery columns-1 is-cropped wp-block-gallery-1 is-layout-flex wp-block-gallery-is-layout-flex\"><ul class=\"blocks-gallery-grid\"><li class=\"blocks-gallery-item\"><figure><img loading=\"lazy\" decoding=\"async\" width=\"643\" height=\"477\" src=\"http:\/\/blogdorogeriogomes.com.br\/wp-content\/uploads\/2019\/12\/IMG_20191226_182302_029.jpg\" alt=\"\" data-id=\"15145\" data-full-url=\"http:\/\/blogdorogeriogomes.com.br\/wp-content\/uploads\/2019\/12\/IMG_20191226_182302_029.jpg\" data-link=\"http:\/\/blogdorogeriogomes.com.br\/?attachment_id=15145\" class=\"wp-image-15145\" srcset=\"https:\/\/blogdorogeriogomes.com.br\/noticias\/wp-content\/uploads\/2019\/12\/IMG_20191226_182302_029.jpg 643w, https:\/\/blogdorogeriogomes.com.br\/noticias\/wp-content\/uploads\/2019\/12\/IMG_20191226_182302_029-300x223.jpg 300w\" sizes=\"auto, (max-width: 643px) 100vw, 643px\" \/><\/figure><\/li><\/ul><\/figure>\n","protected":false},"excerpt":{"rendered":"<p>Em relat\u00f3rio divulgado nesta quinta-feira, dia 26 de dezembro, a Pol\u00edcia Federal concluiu que as palestras feitas pelo ex-presidente Luis In\u00e1cio Lula da Silva no Brasil e no Exterior entre 2011 e 2015 por meio da empresa Lils, aberta por ele para este fim depois que deixou a Presid\u00eancia no final de 2010, foram legais e aconteceram de fato. No mesmo relat\u00f3rio, por\u00e9m, a PF indicia Lula e dirigentes do Instituto Lula, al\u00e9m de Marcelo Odebrecht e do ex-ministro&hellip;<\/p>\n","protected":false},"author":1,"featured_media":15145,"comment_status":"open","ping_status":"open","sticky":false,"template":"","format":"standard","meta":{"footnotes":""},"categories":[1],"tags":[],"class_list":["post-15144","post","type-post","status-publish","format-standard","has-post-thumbnail","hentry","category-noticias"],"_links":{"self":[{"href":"https:\/\/blogdorogeriogomes.com.br\/noticias\/wp-json\/wp\/v2\/posts\/15144","targetHints":{"allow":["GET"]}}],"collection":[{"href":"https:\/\/blogdorogeriogomes.com.br\/noticias\/wp-json\/wp\/v2\/posts"}],"about":[{"href":"https:\/\/blogdorogeriogomes.com.br\/noticias\/wp-json\/wp\/v2\/types\/post"}],"author":[{"embeddable":true,"href":"https:\/\/blogdorogeriogomes.com.br\/noticias\/wp-json\/wp\/v2\/users\/1"}],"replies":[{"embeddable":true,"href":"https:\/\/blogdorogeriogomes.com.br\/noticias\/wp-json\/wp\/v2\/comments?post=15144"}],"version-history":[{"count":1,"href":"https:\/\/blogdorogeriogomes.com.br\/noticias\/wp-json\/wp\/v2\/posts\/15144\/revisions"}],"predecessor-version":[{"id":15146,"href":"https:\/\/blogdorogeriogomes.com.br\/noticias\/wp-json\/wp\/v2\/posts\/15144\/revisions\/15146"}],"wp:featuredmedia":[{"embeddable":true,"href":"https:\/\/blogdorogeriogomes.com.br\/noticias\/wp-json\/wp\/v2\/media\/15145"}],"wp:attachment":[{"href":"https:\/\/blogdorogeriogomes.com.br\/noticias\/wp-json\/wp\/v2\/media?parent=15144"}],"wp:term":[{"taxonomy":"category","embeddable":true,"href":"https:\/\/blogdorogeriogomes.com.br\/noticias\/wp-json\/wp\/v2\/categories?post=15144"},{"taxonomy":"post_tag","embeddable":true,"href":"https:\/\/blogdorogeriogomes.com.br\/noticias\/wp-json\/wp\/v2\/tags?post=15144"}],"curies":[{"name":"wp","href":"https:\/\/api.w.org\/{rel}","templated":true}]}}