{"id":15147,"date":"2019-12-26T21:36:56","date_gmt":"2019-12-26T21:36:56","guid":{"rendered":"http:\/\/blogdorogeriogomes.com.br\/?p=15147"},"modified":"2019-12-29T11:21:49","modified_gmt":"2019-12-29T11:21:49","slug":"vice-prefeito-de-granjeiro-assume-comando-do-executivo-nesta-sexta-feira","status":"publish","type":"post","link":"https:\/\/blogdorogeriogomes.com.br\/noticias\/2019\/12\/vice-prefeito-de-granjeiro-assume-comando-do-executivo-nesta-sexta-feira\/","title":{"rendered":"Vice-prefeito de Granjeiro assume comando do Executivo nesta sexta-feira"},"content":{"rendered":"\n<p>A C\u00e2mara Municipal de Granjeiro, na Regi\u00e3o do Cariri, confirmou a posse do vice-prefeito de Granjeiro, Ticiano da Fonseca F\u00e9lix, nesta sexta-feira, dia 27 de dezembro. Ele vai assumir no lugar do prefeito, Jo\u00e3o Greg\u00f3rio Neto, o &#8220;Jo\u00e3o do Povo&#8221;, assassinado na \u00faltima ter\u00e7a-feira, dia 24. A Pol\u00edcia continua investigando as causas do crime e em busca de capturar os assassinos. <br>\nA situa\u00e7\u00e3o no Munic\u00edpio \u00e9 de preocupa\u00e7\u00e3o com o comando da Prefeitura. Nesta quinta- feira, dia 26, cinco gestores do Executivo, que eram aliados de Jo\u00e3o Greg\u00f3rio, abandonaram seus cargos, ap\u00f3s carta de demiss\u00e3o coletiva enviada para o presidente da C\u00e2mara Municipal, vereador Luiz M\u00e1rcio Pereira.<\/p>\n\n\n\n<figure class=\"wp-block-gallery columns-1 is-cropped wp-block-gallery-1 is-layout-flex wp-block-gallery-is-layout-flex\"><ul class=\"blocks-gallery-grid\"><li class=\"blocks-gallery-item\"><figure><img loading=\"lazy\" decoding=\"async\" width=\"636\" height=\"576\" src=\"http:\/\/blogdorogeriogomes.com.br\/wp-content\/uploads\/2019\/12\/1654995_513718388737018_1343698845_o.jpg\" alt=\"\" data-id=\"15148\" data-full-url=\"http:\/\/blogdorogeriogomes.com.br\/wp-content\/uploads\/2019\/12\/1654995_513718388737018_1343698845_o.jpg\" data-link=\"http:\/\/blogdorogeriogomes.com.br\/?attachment_id=15148\" class=\"wp-image-15148\" srcset=\"https:\/\/blogdorogeriogomes.com.br\/noticias\/wp-content\/uploads\/2019\/12\/1654995_513718388737018_1343698845_o.jpg 636w, https:\/\/blogdorogeriogomes.com.br\/noticias\/wp-content\/uploads\/2019\/12\/1654995_513718388737018_1343698845_o-300x272.jpg 300w\" sizes=\"auto, (max-width: 636px) 100vw, 636px\" \/><\/figure><\/li><\/ul><\/figure>\n","protected":false},"excerpt":{"rendered":"<p>A C\u00e2mara Municipal de Granjeiro, na Regi\u00e3o do Cariri, confirmou a posse do vice-prefeito de Granjeiro, Ticiano da Fonseca F\u00e9lix, nesta sexta-feira, dia 27 de dezembro. Ele vai assumir no lugar do prefeito, Jo\u00e3o Greg\u00f3rio Neto, o &#8220;Jo\u00e3o do Povo&#8221;, assassinado na \u00faltima ter\u00e7a-feira, dia 24. A Pol\u00edcia continua investigando as causas do crime e em busca de capturar os assassinos. A situa\u00e7\u00e3o no Munic\u00edpio \u00e9 de preocupa\u00e7\u00e3o com o comando da Prefeitura. Nesta quinta- feira, dia 26, cinco&hellip;<\/p>\n","protected":false},"author":1,"featured_media":15148,"comment_status":"open","ping_status":"open","sticky":false,"template":"","format":"standard","meta":{"footnotes":""},"categories":[1],"tags":[],"class_list":["post-15147","post","type-post","status-publish","format-standard","has-post-thumbnail","hentry","category-noticias"],"_links":{"self":[{"href":"https:\/\/blogdorogeriogomes.com.br\/noticias\/wp-json\/wp\/v2\/posts\/15147","targetHints":{"allow":["GET"]}}],"collection":[{"href":"https:\/\/blogdorogeriogomes.com.br\/noticias\/wp-json\/wp\/v2\/posts"}],"about":[{"href":"https:\/\/blogdorogeriogomes.com.br\/noticias\/wp-json\/wp\/v2\/types\/post"}],"author":[{"embeddable":true,"href":"https:\/\/blogdorogeriogomes.com.br\/noticias\/wp-json\/wp\/v2\/users\/1"}],"replies":[{"embeddable":true,"href":"https:\/\/blogdorogeriogomes.com.br\/noticias\/wp-json\/wp\/v2\/comments?post=15147"}],"version-history":[{"count":1,"href":"https:\/\/blogdorogeriogomes.com.br\/noticias\/wp-json\/wp\/v2\/posts\/15147\/revisions"}],"predecessor-version":[{"id":15149,"href":"https:\/\/blogdorogeriogomes.com.br\/noticias\/wp-json\/wp\/v2\/posts\/15147\/revisions\/15149"}],"wp:featuredmedia":[{"embeddable":true,"href":"https:\/\/blogdorogeriogomes.com.br\/noticias\/wp-json\/wp\/v2\/media\/15148"}],"wp:attachment":[{"href":"https:\/\/blogdorogeriogomes.com.br\/noticias\/wp-json\/wp\/v2\/media?parent=15147"}],"wp:term":[{"taxonomy":"category","embeddable":true,"href":"https:\/\/blogdorogeriogomes.com.br\/noticias\/wp-json\/wp\/v2\/categories?post=15147"},{"taxonomy":"post_tag","embeddable":true,"href":"https:\/\/blogdorogeriogomes.com.br\/noticias\/wp-json\/wp\/v2\/tags?post=15147"}],"curies":[{"name":"wp","href":"https:\/\/api.w.org\/{rel}","templated":true}]}}