{"id":15150,"date":"2019-12-27T09:05:04","date_gmt":"2019-12-27T09:05:04","guid":{"rendered":"http:\/\/blogdorogeriogomes.com.br\/?p=15150"},"modified":"2019-12-29T11:21:35","modified_gmt":"2019-12-29T11:21:35","slug":"ministro-marco-aurelio-avalia-que-juiz-de-garantias-nao-atinge-o-caso-de-flavio-bolsonaro","status":"publish","type":"post","link":"https:\/\/blogdorogeriogomes.com.br\/noticias\/2019\/12\/ministro-marco-aurelio-avalia-que-juiz-de-garantias-nao-atinge-o-caso-de-flavio-bolsonaro\/","title":{"rendered":"Ministro Marco Aur\u00e9lio avalia que juiz de garantias n\u00e3o atinge o caso de Fl\u00e1vio Bolsonaro"},"content":{"rendered":"\n<p>O ministro Marco Aur\u00e9lio Mello, do Supremo Tribunal Federal, avalia que a aplica\u00e7\u00e3o do juiz das garantias n\u00e3o retroage para casos que j\u00e1 est\u00e3o em andamento e, portanto, n\u00e3o deve atingir o caso do senador Flavio Bolsonaro, filho de Jair Bolsonaro, no caso investigado pelo Minist\u00e9rio P\u00fablico do Rio de Janeiro, que apura o esquema de rachadinha em gabinete.<br>\n O ministro elogiou a medida e disse que a cria\u00e7\u00e3o do instituto \u201cd\u00e1 uma legitimidade maior ao Judici\u00e1rio\u201d. \u201cRefor\u00e7a a seguran\u00e7a das decis\u00f5es. Potencializa a equidist\u00e2ncia do julgador\u201d, considera. \u201cO instituto n\u00e3o se aplica a atos j\u00e1 praticados. Esta \u00e9 a m\u00e1xima do direito. A lei \u00e9 editada para viger para o futuro e n\u00e3o retroativamente\u201d, disse o ministro do STF, Marco Aur\u00e9lio Mello.<\/p>\n\n\n\n<figure class=\"wp-block-gallery columns-1 is-cropped wp-block-gallery-1 is-layout-flex wp-block-gallery-is-layout-flex\"><ul class=\"blocks-gallery-grid\"><li class=\"blocks-gallery-item\"><figure><img loading=\"lazy\" decoding=\"async\" width=\"460\" height=\"305\" src=\"http:\/\/blogdorogeriogomes.com.br\/wp-content\/uploads\/2019\/12\/images-2019-12-27T055913.791.jpeg\" alt=\"\" data-id=\"15151\" data-full-url=\"http:\/\/blogdorogeriogomes.com.br\/wp-content\/uploads\/2019\/12\/images-2019-12-27T055913.791.jpeg\" data-link=\"http:\/\/blogdorogeriogomes.com.br\/?attachment_id=15151\" class=\"wp-image-15151\" srcset=\"https:\/\/blogdorogeriogomes.com.br\/noticias\/wp-content\/uploads\/2019\/12\/images-2019-12-27T055913.791.jpeg 460w, https:\/\/blogdorogeriogomes.com.br\/noticias\/wp-content\/uploads\/2019\/12\/images-2019-12-27T055913.791-300x199.jpeg 300w\" sizes=\"auto, (max-width: 460px) 100vw, 460px\" \/><\/figure><\/li><\/ul><\/figure>\n","protected":false},"excerpt":{"rendered":"<p>O ministro Marco Aur\u00e9lio Mello, do Supremo Tribunal Federal, avalia que a aplica\u00e7\u00e3o do juiz das garantias n\u00e3o retroage para casos que j\u00e1 est\u00e3o em andamento e, portanto, n\u00e3o deve atingir o caso do senador Flavio Bolsonaro, filho de Jair Bolsonaro, no caso investigado pelo Minist\u00e9rio P\u00fablico do Rio de Janeiro, que apura o esquema de rachadinha em gabinete. O ministro elogiou a medida e disse que a cria\u00e7\u00e3o do instituto \u201cd\u00e1 uma legitimidade maior ao Judici\u00e1rio\u201d. \u201cRefor\u00e7a a&hellip;<\/p>\n","protected":false},"author":1,"featured_media":15151,"comment_status":"open","ping_status":"open","sticky":false,"template":"","format":"standard","meta":{"footnotes":""},"categories":[1],"tags":[],"class_list":["post-15150","post","type-post","status-publish","format-standard","has-post-thumbnail","hentry","category-noticias"],"_links":{"self":[{"href":"https:\/\/blogdorogeriogomes.com.br\/noticias\/wp-json\/wp\/v2\/posts\/15150","targetHints":{"allow":["GET"]}}],"collection":[{"href":"https:\/\/blogdorogeriogomes.com.br\/noticias\/wp-json\/wp\/v2\/posts"}],"about":[{"href":"https:\/\/blogdorogeriogomes.com.br\/noticias\/wp-json\/wp\/v2\/types\/post"}],"author":[{"embeddable":true,"href":"https:\/\/blogdorogeriogomes.com.br\/noticias\/wp-json\/wp\/v2\/users\/1"}],"replies":[{"embeddable":true,"href":"https:\/\/blogdorogeriogomes.com.br\/noticias\/wp-json\/wp\/v2\/comments?post=15150"}],"version-history":[{"count":1,"href":"https:\/\/blogdorogeriogomes.com.br\/noticias\/wp-json\/wp\/v2\/posts\/15150\/revisions"}],"predecessor-version":[{"id":15152,"href":"https:\/\/blogdorogeriogomes.com.br\/noticias\/wp-json\/wp\/v2\/posts\/15150\/revisions\/15152"}],"wp:featuredmedia":[{"embeddable":true,"href":"https:\/\/blogdorogeriogomes.com.br\/noticias\/wp-json\/wp\/v2\/media\/15151"}],"wp:attachment":[{"href":"https:\/\/blogdorogeriogomes.com.br\/noticias\/wp-json\/wp\/v2\/media?parent=15150"}],"wp:term":[{"taxonomy":"category","embeddable":true,"href":"https:\/\/blogdorogeriogomes.com.br\/noticias\/wp-json\/wp\/v2\/categories?post=15150"},{"taxonomy":"post_tag","embeddable":true,"href":"https:\/\/blogdorogeriogomes.com.br\/noticias\/wp-json\/wp\/v2\/tags?post=15150"}],"curies":[{"name":"wp","href":"https:\/\/api.w.org\/{rel}","templated":true}]}}