{"id":15156,"date":"2019-12-27T20:27:12","date_gmt":"2019-12-27T20:27:12","guid":{"rendered":"http:\/\/blogdorogeriogomes.com.br\/?p=15156"},"modified":"2019-12-29T11:20:54","modified_gmt":"2019-12-29T11:20:54","slug":"estrutura-do-reveillon-de-fortaleza-2020-esta-em-fase-de-finalizacao","status":"publish","type":"post","link":"https:\/\/blogdorogeriogomes.com.br\/noticias\/2019\/12\/estrutura-do-reveillon-de-fortaleza-2020-esta-em-fase-de-finalizacao\/","title":{"rendered":"Estrutura do R\u00e9veillon de Fortaleza 2020 est\u00e1 em fase de finaliza\u00e7\u00e3o"},"content":{"rendered":"\n<p>A estrutura do R\u00e9veillon de Fortaleza 2020, no Aterro da Praia de Iracema, est\u00e1 em fase de finaliza\u00e7\u00e3o. Mais de um milh\u00e3o de pessoas s\u00e3o esperadas para a festa da virada que ter\u00e1 12 atra\u00e7\u00f5es no Palco Principal e ainda um leque de artistas regionais no Palco Cear\u00e1. Um show pirot\u00e9cnico de 12 minutos vai marcar a virada do ano.<br>\nEntre as atra\u00e7\u00f5es nacionais est\u00e3o Waldonys, Jorge Ben Jor, Fagner, DJ Alok, Falc\u00e3o, Matheus e Kauan, Nando Reis, Simone e Simaria, Mastruz com Leite, Calcinha Preta e Lim\u00e3o com Mel.<br>\nA Prefeitura de Fortaleza anunciou, nesta sexta-feira, dia 27 de dezembro, o esquema operacional da festa. O transporte coletivo ter\u00e1 108 \u00f4nibus extras na regi\u00e3o, al\u00e9m da frota normal. A AMC vai atuar com 192 agentes na \u00e1rea para orientar o tr\u00e2nsito.<br>\nCerca de 800 policiais militares e civis, al\u00e9m de 513 guardas municipais, prometem garantir a seguran\u00e7a do R\u00e9veillon de Fortaleza, que ter\u00e1 in\u00edcio \u00e0s 16h30min do dia 31 de dezembro e vai at\u00e9 \u00e0s 6 horas da manh\u00e3 do dia 1\u00b0 de janeiro.<\/p>\n\n\n\n<figure class=\"wp-block-gallery columns-1 is-cropped wp-block-gallery-1 is-layout-flex wp-block-gallery-is-layout-flex\"><ul class=\"blocks-gallery-grid\"><li class=\"blocks-gallery-item\"><figure><img loading=\"lazy\" decoding=\"async\" width=\"1024\" height=\"683\" src=\"http:\/\/blogdorogeriogomes.com.br\/wp-content\/uploads\/2019\/12\/mg_0234-11151823-1024x683.jpg\" alt=\"\" data-id=\"15157\" data-full-url=\"http:\/\/blogdorogeriogomes.com.br\/wp-content\/uploads\/2019\/12\/mg_0234-11151823.jpg\" data-link=\"http:\/\/blogdorogeriogomes.com.br\/?attachment_id=15157\" class=\"wp-image-15157\" srcset=\"https:\/\/blogdorogeriogomes.com.br\/noticias\/wp-content\/uploads\/2019\/12\/mg_0234-11151823-1024x683.jpg 1024w, https:\/\/blogdorogeriogomes.com.br\/noticias\/wp-content\/uploads\/2019\/12\/mg_0234-11151823-300x200.jpg 300w, https:\/\/blogdorogeriogomes.com.br\/noticias\/wp-content\/uploads\/2019\/12\/mg_0234-11151823-768x512.jpg 768w, https:\/\/blogdorogeriogomes.com.br\/noticias\/wp-content\/uploads\/2019\/12\/mg_0234-11151823-800x533.jpg 800w, https:\/\/blogdorogeriogomes.com.br\/noticias\/wp-content\/uploads\/2019\/12\/mg_0234-11151823.jpg 1140w\" sizes=\"auto, (max-width: 1024px) 100vw, 1024px\" \/><\/figure><\/li><\/ul><\/figure>\n","protected":false},"excerpt":{"rendered":"<p>A estrutura do R\u00e9veillon de Fortaleza 2020, no Aterro da Praia de Iracema, est\u00e1 em fase de finaliza\u00e7\u00e3o. Mais de um milh\u00e3o de pessoas s\u00e3o esperadas para a festa da virada que ter\u00e1 12 atra\u00e7\u00f5es no Palco Principal e ainda um leque de artistas regionais no Palco Cear\u00e1. Um show pirot\u00e9cnico de 12 minutos vai marcar a virada do ano. Entre as atra\u00e7\u00f5es nacionais est\u00e3o Waldonys, Jorge Ben Jor, Fagner, DJ Alok, Falc\u00e3o, Matheus e Kauan, Nando Reis, Simone&hellip;<\/p>\n","protected":false},"author":1,"featured_media":15157,"comment_status":"open","ping_status":"open","sticky":false,"template":"","format":"standard","meta":{"footnotes":""},"categories":[1],"tags":[],"class_list":["post-15156","post","type-post","status-publish","format-standard","has-post-thumbnail","hentry","category-noticias"],"_links":{"self":[{"href":"https:\/\/blogdorogeriogomes.com.br\/noticias\/wp-json\/wp\/v2\/posts\/15156","targetHints":{"allow":["GET"]}}],"collection":[{"href":"https:\/\/blogdorogeriogomes.com.br\/noticias\/wp-json\/wp\/v2\/posts"}],"about":[{"href":"https:\/\/blogdorogeriogomes.com.br\/noticias\/wp-json\/wp\/v2\/types\/post"}],"author":[{"embeddable":true,"href":"https:\/\/blogdorogeriogomes.com.br\/noticias\/wp-json\/wp\/v2\/users\/1"}],"replies":[{"embeddable":true,"href":"https:\/\/blogdorogeriogomes.com.br\/noticias\/wp-json\/wp\/v2\/comments?post=15156"}],"version-history":[{"count":1,"href":"https:\/\/blogdorogeriogomes.com.br\/noticias\/wp-json\/wp\/v2\/posts\/15156\/revisions"}],"predecessor-version":[{"id":15158,"href":"https:\/\/blogdorogeriogomes.com.br\/noticias\/wp-json\/wp\/v2\/posts\/15156\/revisions\/15158"}],"wp:featuredmedia":[{"embeddable":true,"href":"https:\/\/blogdorogeriogomes.com.br\/noticias\/wp-json\/wp\/v2\/media\/15157"}],"wp:attachment":[{"href":"https:\/\/blogdorogeriogomes.com.br\/noticias\/wp-json\/wp\/v2\/media?parent=15156"}],"wp:term":[{"taxonomy":"category","embeddable":true,"href":"https:\/\/blogdorogeriogomes.com.br\/noticias\/wp-json\/wp\/v2\/categories?post=15156"},{"taxonomy":"post_tag","embeddable":true,"href":"https:\/\/blogdorogeriogomes.com.br\/noticias\/wp-json\/wp\/v2\/tags?post=15156"}],"curies":[{"name":"wp","href":"https:\/\/api.w.org\/{rel}","templated":true}]}}