{"id":15159,"date":"2019-12-27T20:39:09","date_gmt":"2019-12-27T20:39:09","guid":{"rendered":"http:\/\/blogdorogeriogomes.com.br\/?p=15159"},"modified":"2020-01-01T14:51:17","modified_gmt":"2020-01-01T14:51:17","slug":"governo-vai-convocar-concursados-da-educacao-e-ematerce-no-primeiro-semestre-de-2020","status":"publish","type":"post","link":"https:\/\/blogdorogeriogomes.com.br\/noticias\/2019\/12\/governo-vai-convocar-concursados-da-educacao-e-ematerce-no-primeiro-semestre-de-2020\/","title":{"rendered":"Governo vai convocar concursados da Educa\u00e7\u00e3o e Ematerce no primeiro semestre de 2020"},"content":{"rendered":"\n<p>O Governo do Cear\u00e1 vai convocar 500 novos professores para a rede estadual de ensino at\u00e9 maio de 2020. Eles fazem parte dos 2.500 docentes que devem ser contratados ap\u00f3s passarem no concurso p\u00fablico realizado em 2018 e j\u00e1 homologado pela Secretaria de Educa\u00e7\u00e3o do Estado. A informa\u00e7\u00e3o foi confirmada pelo governador Camilo Santana.<br>\nEm conversa com internautas nesta sexta-feira, dia 27 de dezembro, pelas redes sociais, ele ainda confirmou a convoca\u00e7\u00e3o de 263 concursados para a Ematerce, sendo 196 para n\u00edvel m\u00e9dio e 67 para n\u00edvel superior. O certame da Empresa de Assist\u00eancia T\u00e9cnica e Extens\u00e3o Rural do Cear\u00e1 tamb\u00e9m aconteceu em 2018.<br>\nCamilo ainda prometeu para o pr\u00f3ximo ano a realiza\u00e7\u00e3o de concursos p\u00fablicos para a Pol\u00edcia Militar e outro para a Pol\u00edcia Civil. \u201cEstamos analisando concursos para a Semace, para a Secretaria da Fazenda e para a Sa\u00fade P\u00fablica\u201d, disse o governador.<\/p>\n\n\n\n<figure class=\"wp-block-gallery columns-1 is-cropped wp-block-gallery-1 is-layout-flex wp-block-gallery-is-layout-flex\"><ul class=\"blocks-gallery-grid\"><li class=\"blocks-gallery-item\"><figure><img loading=\"lazy\" decoding=\"async\" width=\"678\" height=\"452\" src=\"http:\/\/blogdorogeriogomes.com.br\/wp-content\/uploads\/2019\/12\/images-2019-12-27T172954.562.jpeg\" alt=\"\" data-id=\"15160\" data-full-url=\"http:\/\/blogdorogeriogomes.com.br\/wp-content\/uploads\/2019\/12\/images-2019-12-27T172954.562.jpeg\" data-link=\"http:\/\/blogdorogeriogomes.com.br\/?attachment_id=15160\" class=\"wp-image-15160\" srcset=\"https:\/\/blogdorogeriogomes.com.br\/noticias\/wp-content\/uploads\/2019\/12\/images-2019-12-27T172954.562.jpeg 678w, https:\/\/blogdorogeriogomes.com.br\/noticias\/wp-content\/uploads\/2019\/12\/images-2019-12-27T172954.562-300x200.jpeg 300w\" sizes=\"auto, (max-width: 678px) 100vw, 678px\" \/><\/figure><\/li><\/ul><\/figure>\n","protected":false},"excerpt":{"rendered":"<p>O Governo do Cear\u00e1 vai convocar 500 novos professores para a rede estadual de ensino at\u00e9 maio de 2020. Eles fazem parte dos 2.500 docentes que devem ser contratados ap\u00f3s passarem no concurso p\u00fablico realizado em 2018 e j\u00e1 homologado pela Secretaria de Educa\u00e7\u00e3o do Estado. A informa\u00e7\u00e3o foi confirmada pelo governador Camilo Santana. Em conversa com internautas nesta sexta-feira, dia 27 de dezembro, pelas redes sociais, ele ainda confirmou a convoca\u00e7\u00e3o de 263 concursados para a Ematerce, sendo&hellip;<\/p>\n","protected":false},"author":1,"featured_media":15160,"comment_status":"open","ping_status":"open","sticky":false,"template":"","format":"standard","meta":{"footnotes":""},"categories":[1],"tags":[],"class_list":["post-15159","post","type-post","status-publish","format-standard","has-post-thumbnail","hentry","category-noticias"],"_links":{"self":[{"href":"https:\/\/blogdorogeriogomes.com.br\/noticias\/wp-json\/wp\/v2\/posts\/15159","targetHints":{"allow":["GET"]}}],"collection":[{"href":"https:\/\/blogdorogeriogomes.com.br\/noticias\/wp-json\/wp\/v2\/posts"}],"about":[{"href":"https:\/\/blogdorogeriogomes.com.br\/noticias\/wp-json\/wp\/v2\/types\/post"}],"author":[{"embeddable":true,"href":"https:\/\/blogdorogeriogomes.com.br\/noticias\/wp-json\/wp\/v2\/users\/1"}],"replies":[{"embeddable":true,"href":"https:\/\/blogdorogeriogomes.com.br\/noticias\/wp-json\/wp\/v2\/comments?post=15159"}],"version-history":[{"count":1,"href":"https:\/\/blogdorogeriogomes.com.br\/noticias\/wp-json\/wp\/v2\/posts\/15159\/revisions"}],"predecessor-version":[{"id":15161,"href":"https:\/\/blogdorogeriogomes.com.br\/noticias\/wp-json\/wp\/v2\/posts\/15159\/revisions\/15161"}],"wp:featuredmedia":[{"embeddable":true,"href":"https:\/\/blogdorogeriogomes.com.br\/noticias\/wp-json\/wp\/v2\/media\/15160"}],"wp:attachment":[{"href":"https:\/\/blogdorogeriogomes.com.br\/noticias\/wp-json\/wp\/v2\/media?parent=15159"}],"wp:term":[{"taxonomy":"category","embeddable":true,"href":"https:\/\/blogdorogeriogomes.com.br\/noticias\/wp-json\/wp\/v2\/categories?post=15159"},{"taxonomy":"post_tag","embeddable":true,"href":"https:\/\/blogdorogeriogomes.com.br\/noticias\/wp-json\/wp\/v2\/tags?post=15159"}],"curies":[{"name":"wp","href":"https:\/\/api.w.org\/{rel}","templated":true}]}}