{"id":15162,"date":"2019-12-30T08:11:03","date_gmt":"2019-12-30T08:11:03","guid":{"rendered":"http:\/\/blogdorogeriogomes.com.br\/?p=15162"},"modified":"2020-01-01T14:51:05","modified_gmt":"2020-01-01T14:51:05","slug":"taxacao-do-seguro-desemprego-devera-ser-barrada-no-congresso-nacional","status":"publish","type":"post","link":"https:\/\/blogdorogeriogomes.com.br\/noticias\/2019\/12\/taxacao-do-seguro-desemprego-devera-ser-barrada-no-congresso-nacional\/","title":{"rendered":"Taxa\u00e7\u00e3o do seguro-desemprego dever\u00e1 ser barrada no Congresso Nacional"},"content":{"rendered":"\n<p>A proposta do Governo Bolsonaro de criar o Contrato de Trabalho Verde e Amarelo sofrer\u00e1 altera\u00e7\u00f5es no Congresso Nacional. Uma delas ser\u00e1 a mudan\u00e7a na taxa\u00e7\u00e3o do seguro-desemprego que, definida na Medida Provis\u00f3ria (MP) como obrigat\u00f3ria, dever\u00e1 passar a ser opcional, segundo o relator da MP, deputado federal Christino \u00c1ureo (PP-RJ).<br>\nA MP traz outras pol\u00eamicas, como o fim do registro profissional de v\u00e1rias categorias, como jornalista, publicit\u00e1rio e radialista. Essas quest\u00f5es levaram a medida a receber o maior n\u00famero de emendas da hist\u00f3ria do Parlamento, segundo o relator. Foram quase 2 mil emendas.<\/p>\n\n\n\n<figure class=\"wp-block-gallery columns-1 is-cropped wp-block-gallery-1 is-layout-flex wp-block-gallery-is-layout-flex\"><ul class=\"blocks-gallery-grid\"><li class=\"blocks-gallery-item\"><figure><img loading=\"lazy\" decoding=\"async\" width=\"670\" height=\"458\" src=\"http:\/\/blogdorogeriogomes.com.br\/wp-content\/uploads\/2019\/12\/images-2019-12-30T050409.486.jpeg\" alt=\"\" data-id=\"15163\" data-full-url=\"http:\/\/blogdorogeriogomes.com.br\/wp-content\/uploads\/2019\/12\/images-2019-12-30T050409.486.jpeg\" data-link=\"http:\/\/blogdorogeriogomes.com.br\/?attachment_id=15163\" class=\"wp-image-15163\" srcset=\"https:\/\/blogdorogeriogomes.com.br\/noticias\/wp-content\/uploads\/2019\/12\/images-2019-12-30T050409.486.jpeg 670w, https:\/\/blogdorogeriogomes.com.br\/noticias\/wp-content\/uploads\/2019\/12\/images-2019-12-30T050409.486-300x205.jpeg 300w\" sizes=\"auto, (max-width: 670px) 100vw, 670px\" \/><\/figure><\/li><\/ul><\/figure>\n","protected":false},"excerpt":{"rendered":"<p>A proposta do Governo Bolsonaro de criar o Contrato de Trabalho Verde e Amarelo sofrer\u00e1 altera\u00e7\u00f5es no Congresso Nacional. Uma delas ser\u00e1 a mudan\u00e7a na taxa\u00e7\u00e3o do seguro-desemprego que, definida na Medida Provis\u00f3ria (MP) como obrigat\u00f3ria, dever\u00e1 passar a ser opcional, segundo o relator da MP, deputado federal Christino \u00c1ureo (PP-RJ). A MP traz outras pol\u00eamicas, como o fim do registro profissional de v\u00e1rias categorias, como jornalista, publicit\u00e1rio e radialista. Essas quest\u00f5es levaram a medida a receber o maior&hellip;<\/p>\n","protected":false},"author":1,"featured_media":15163,"comment_status":"open","ping_status":"open","sticky":false,"template":"","format":"standard","meta":{"footnotes":""},"categories":[1],"tags":[],"class_list":["post-15162","post","type-post","status-publish","format-standard","has-post-thumbnail","hentry","category-noticias"],"_links":{"self":[{"href":"https:\/\/blogdorogeriogomes.com.br\/noticias\/wp-json\/wp\/v2\/posts\/15162","targetHints":{"allow":["GET"]}}],"collection":[{"href":"https:\/\/blogdorogeriogomes.com.br\/noticias\/wp-json\/wp\/v2\/posts"}],"about":[{"href":"https:\/\/blogdorogeriogomes.com.br\/noticias\/wp-json\/wp\/v2\/types\/post"}],"author":[{"embeddable":true,"href":"https:\/\/blogdorogeriogomes.com.br\/noticias\/wp-json\/wp\/v2\/users\/1"}],"replies":[{"embeddable":true,"href":"https:\/\/blogdorogeriogomes.com.br\/noticias\/wp-json\/wp\/v2\/comments?post=15162"}],"version-history":[{"count":1,"href":"https:\/\/blogdorogeriogomes.com.br\/noticias\/wp-json\/wp\/v2\/posts\/15162\/revisions"}],"predecessor-version":[{"id":15164,"href":"https:\/\/blogdorogeriogomes.com.br\/noticias\/wp-json\/wp\/v2\/posts\/15162\/revisions\/15164"}],"wp:featuredmedia":[{"embeddable":true,"href":"https:\/\/blogdorogeriogomes.com.br\/noticias\/wp-json\/wp\/v2\/media\/15163"}],"wp:attachment":[{"href":"https:\/\/blogdorogeriogomes.com.br\/noticias\/wp-json\/wp\/v2\/media?parent=15162"}],"wp:term":[{"taxonomy":"category","embeddable":true,"href":"https:\/\/blogdorogeriogomes.com.br\/noticias\/wp-json\/wp\/v2\/categories?post=15162"},{"taxonomy":"post_tag","embeddable":true,"href":"https:\/\/blogdorogeriogomes.com.br\/noticias\/wp-json\/wp\/v2\/tags?post=15162"}],"curies":[{"name":"wp","href":"https:\/\/api.w.org\/{rel}","templated":true}]}}