{"id":15168,"date":"2019-12-30T08:27:21","date_gmt":"2019-12-30T08:27:21","guid":{"rendered":"http:\/\/blogdorogeriogomes.com.br\/?p=15168"},"modified":"2020-01-01T14:50:31","modified_gmt":"2020-01-01T14:50:31","slug":"pesquisa-datafolha-avalia-alto-indice-de-rejeicao-as-acoes-do-congresso-stf-e-governo-bolsonaro","status":"publish","type":"post","link":"https:\/\/blogdorogeriogomes.com.br\/noticias\/2019\/12\/pesquisa-datafolha-avalia-alto-indice-de-rejeicao-as-acoes-do-congresso-stf-e-governo-bolsonaro\/","title":{"rendered":"Pesquisa Datafolha avalia alto \u00edndice de rejei\u00e7\u00e3o \u00e0s a\u00e7\u00f5es do Congresso, STF e Governo Bolsonaro"},"content":{"rendered":"\n<p>A avalia\u00e7\u00e3o do Supremo Tribunal Federal (STF) s\u00f3 n\u00e3o \u00e9 pior que a do Congresso Nacional. \u00c9 o que aponta a primeira pesquisa do Datafolha que busca medir a percep\u00e7\u00e3o da popula\u00e7\u00e3o em rela\u00e7\u00e3o \u00e0 Suprema Corte.<br>\nSegundo o levantamento, a atua\u00e7\u00e3o do STF \u00e9 mal avaliada por 39% de um total de 2.948 pessoas ouvidas entre os dias 5 e 6 de dezembro em 176 munic\u00edpios de todas as regi\u00f5es do Pa\u00eds. Significa dizer que quatro em cada dez brasileiros consideram ruim ou p\u00e9ssima a atua\u00e7\u00e3o do Tribunal.<br>\nA reprova\u00e7\u00e3o do STF s\u00f3 n\u00e3o \u00e9 maior que a do Congresso, que recebe indica\u00e7\u00f5es de ruim ou p\u00e9ssimo por 45% dos entrevistados. A reprova\u00e7\u00e3o do STF \u00e9 equivalente \u00e0 do presidente Jair Bolsonaro cuja gest\u00e3o \u00e9 mal avaliada por 36% da popula\u00e7\u00e3o, considerando a margem de erro da pesquisa.<\/p>\n\n\n\n<figure class=\"wp-block-gallery columns-1 is-cropped wp-block-gallery-1 is-layout-flex wp-block-gallery-is-layout-flex\"><ul class=\"blocks-gallery-grid\"><li class=\"blocks-gallery-item\"><figure><img loading=\"lazy\" decoding=\"async\" width=\"754\" height=\"407\" src=\"http:\/\/blogdorogeriogomes.com.br\/wp-content\/uploads\/2019\/12\/images-2019-12-30T052140.434.jpeg\" alt=\"\" data-id=\"15169\" data-full-url=\"http:\/\/blogdorogeriogomes.com.br\/wp-content\/uploads\/2019\/12\/images-2019-12-30T052140.434.jpeg\" data-link=\"http:\/\/blogdorogeriogomes.com.br\/?attachment_id=15169\" class=\"wp-image-15169\" srcset=\"https:\/\/blogdorogeriogomes.com.br\/noticias\/wp-content\/uploads\/2019\/12\/images-2019-12-30T052140.434.jpeg 754w, https:\/\/blogdorogeriogomes.com.br\/noticias\/wp-content\/uploads\/2019\/12\/images-2019-12-30T052140.434-300x162.jpeg 300w\" sizes=\"auto, (max-width: 754px) 100vw, 754px\" \/><\/figure><\/li><\/ul><\/figure>\n","protected":false},"excerpt":{"rendered":"<p>A avalia\u00e7\u00e3o do Supremo Tribunal Federal (STF) s\u00f3 n\u00e3o \u00e9 pior que a do Congresso Nacional. \u00c9 o que aponta a primeira pesquisa do Datafolha que busca medir a percep\u00e7\u00e3o da popula\u00e7\u00e3o em rela\u00e7\u00e3o \u00e0 Suprema Corte. Segundo o levantamento, a atua\u00e7\u00e3o do STF \u00e9 mal avaliada por 39% de um total de 2.948 pessoas ouvidas entre os dias 5 e 6 de dezembro em 176 munic\u00edpios de todas as regi\u00f5es do Pa\u00eds. Significa dizer que quatro em cada&hellip;<\/p>\n","protected":false},"author":1,"featured_media":15169,"comment_status":"open","ping_status":"open","sticky":false,"template":"","format":"standard","meta":{"footnotes":""},"categories":[1],"tags":[],"class_list":["post-15168","post","type-post","status-publish","format-standard","has-post-thumbnail","hentry","category-noticias"],"_links":{"self":[{"href":"https:\/\/blogdorogeriogomes.com.br\/noticias\/wp-json\/wp\/v2\/posts\/15168","targetHints":{"allow":["GET"]}}],"collection":[{"href":"https:\/\/blogdorogeriogomes.com.br\/noticias\/wp-json\/wp\/v2\/posts"}],"about":[{"href":"https:\/\/blogdorogeriogomes.com.br\/noticias\/wp-json\/wp\/v2\/types\/post"}],"author":[{"embeddable":true,"href":"https:\/\/blogdorogeriogomes.com.br\/noticias\/wp-json\/wp\/v2\/users\/1"}],"replies":[{"embeddable":true,"href":"https:\/\/blogdorogeriogomes.com.br\/noticias\/wp-json\/wp\/v2\/comments?post=15168"}],"version-history":[{"count":1,"href":"https:\/\/blogdorogeriogomes.com.br\/noticias\/wp-json\/wp\/v2\/posts\/15168\/revisions"}],"predecessor-version":[{"id":15170,"href":"https:\/\/blogdorogeriogomes.com.br\/noticias\/wp-json\/wp\/v2\/posts\/15168\/revisions\/15170"}],"wp:featuredmedia":[{"embeddable":true,"href":"https:\/\/blogdorogeriogomes.com.br\/noticias\/wp-json\/wp\/v2\/media\/15169"}],"wp:attachment":[{"href":"https:\/\/blogdorogeriogomes.com.br\/noticias\/wp-json\/wp\/v2\/media?parent=15168"}],"wp:term":[{"taxonomy":"category","embeddable":true,"href":"https:\/\/blogdorogeriogomes.com.br\/noticias\/wp-json\/wp\/v2\/categories?post=15168"},{"taxonomy":"post_tag","embeddable":true,"href":"https:\/\/blogdorogeriogomes.com.br\/noticias\/wp-json\/wp\/v2\/tags?post=15168"}],"curies":[{"name":"wp","href":"https:\/\/api.w.org\/{rel}","templated":true}]}}