{"id":15171,"date":"2019-12-30T08:39:09","date_gmt":"2019-12-30T08:39:09","guid":{"rendered":"http:\/\/blogdorogeriogomes.com.br\/?p=15171"},"modified":"2020-01-01T14:50:16","modified_gmt":"2020-01-01T14:50:16","slug":"ibope-nega-realizacao-de-pesquisa-que-apontou-aumento-na-venda-dos-shoppings-durante-periodo-natalino","status":"publish","type":"post","link":"https:\/\/blogdorogeriogomes.com.br\/noticias\/2019\/12\/ibope-nega-realizacao-de-pesquisa-que-apontou-aumento-na-venda-dos-shoppings-durante-periodo-natalino\/","title":{"rendered":"Ibope nega realiza\u00e7\u00e3o de pesquisa que apontou aumento na venda dos shoppings durante per\u00edodo natalino"},"content":{"rendered":"\n<p>As \u201cboas vendas\u201d do per\u00edodo natalino nos shoppings do Pa\u00eds foram divulgadas pela m\u00eddia tradicional com entusiasmo. Mas lojistas do setor dizem que a hist\u00f3ria n\u00e3o \u00e9 bem assim. O Ibope negou que tenha realizado a pesquisa que apontou uma alta de 9,5% nas vendas em lojas de shoppings centers no per\u00edodo de Natal.<br>\nO n\u00famero foi divulgado pela Associa\u00e7\u00e3o Brasileira dos Lojistas de Shopping (Alshop), que afirma em seu site ter a chancela do instituto de pesquisas. No entanto, a alta nas vendas est\u00e1 sendo contestada pela dissidente Associa\u00e7\u00e3o Brasileira dos Lojistas Sat\u00e9lites (Ablos), que pretende entrar na Justi\u00e7a para desmentir os n\u00fameros.<\/p>\n\n\n\n<figure class=\"wp-block-gallery columns-1 is-cropped wp-block-gallery-1 is-layout-flex wp-block-gallery-is-layout-flex\"><ul class=\"blocks-gallery-grid\"><li class=\"blocks-gallery-item\"><figure><img loading=\"lazy\" decoding=\"async\" width=\"678\" height=\"452\" src=\"http:\/\/blogdorogeriogomes.com.br\/wp-content\/uploads\/2019\/12\/images-2019-12-30T053329.045.jpeg\" alt=\"\" data-id=\"15172\" data-full-url=\"http:\/\/blogdorogeriogomes.com.br\/wp-content\/uploads\/2019\/12\/images-2019-12-30T053329.045.jpeg\" data-link=\"http:\/\/blogdorogeriogomes.com.br\/?attachment_id=15172\" class=\"wp-image-15172\" srcset=\"https:\/\/blogdorogeriogomes.com.br\/noticias\/wp-content\/uploads\/2019\/12\/images-2019-12-30T053329.045.jpeg 678w, https:\/\/blogdorogeriogomes.com.br\/noticias\/wp-content\/uploads\/2019\/12\/images-2019-12-30T053329.045-300x200.jpeg 300w\" sizes=\"auto, (max-width: 678px) 100vw, 678px\" \/><\/figure><\/li><\/ul><\/figure>\n","protected":false},"excerpt":{"rendered":"<p>As \u201cboas vendas\u201d do per\u00edodo natalino nos shoppings do Pa\u00eds foram divulgadas pela m\u00eddia tradicional com entusiasmo. Mas lojistas do setor dizem que a hist\u00f3ria n\u00e3o \u00e9 bem assim. O Ibope negou que tenha realizado a pesquisa que apontou uma alta de 9,5% nas vendas em lojas de shoppings centers no per\u00edodo de Natal. O n\u00famero foi divulgado pela Associa\u00e7\u00e3o Brasileira dos Lojistas de Shopping (Alshop), que afirma em seu site ter a chancela do instituto de pesquisas. No&hellip;<\/p>\n","protected":false},"author":1,"featured_media":15172,"comment_status":"open","ping_status":"open","sticky":false,"template":"","format":"standard","meta":{"footnotes":""},"categories":[1],"tags":[],"class_list":["post-15171","post","type-post","status-publish","format-standard","has-post-thumbnail","hentry","category-noticias"],"_links":{"self":[{"href":"https:\/\/blogdorogeriogomes.com.br\/noticias\/wp-json\/wp\/v2\/posts\/15171","targetHints":{"allow":["GET"]}}],"collection":[{"href":"https:\/\/blogdorogeriogomes.com.br\/noticias\/wp-json\/wp\/v2\/posts"}],"about":[{"href":"https:\/\/blogdorogeriogomes.com.br\/noticias\/wp-json\/wp\/v2\/types\/post"}],"author":[{"embeddable":true,"href":"https:\/\/blogdorogeriogomes.com.br\/noticias\/wp-json\/wp\/v2\/users\/1"}],"replies":[{"embeddable":true,"href":"https:\/\/blogdorogeriogomes.com.br\/noticias\/wp-json\/wp\/v2\/comments?post=15171"}],"version-history":[{"count":1,"href":"https:\/\/blogdorogeriogomes.com.br\/noticias\/wp-json\/wp\/v2\/posts\/15171\/revisions"}],"predecessor-version":[{"id":15173,"href":"https:\/\/blogdorogeriogomes.com.br\/noticias\/wp-json\/wp\/v2\/posts\/15171\/revisions\/15173"}],"wp:featuredmedia":[{"embeddable":true,"href":"https:\/\/blogdorogeriogomes.com.br\/noticias\/wp-json\/wp\/v2\/media\/15172"}],"wp:attachment":[{"href":"https:\/\/blogdorogeriogomes.com.br\/noticias\/wp-json\/wp\/v2\/media?parent=15171"}],"wp:term":[{"taxonomy":"category","embeddable":true,"href":"https:\/\/blogdorogeriogomes.com.br\/noticias\/wp-json\/wp\/v2\/categories?post=15171"},{"taxonomy":"post_tag","embeddable":true,"href":"https:\/\/blogdorogeriogomes.com.br\/noticias\/wp-json\/wp\/v2\/tags?post=15171"}],"curies":[{"name":"wp","href":"https:\/\/api.w.org\/{rel}","templated":true}]}}