{"id":15174,"date":"2019-12-30T21:56:27","date_gmt":"2019-12-30T21:56:27","guid":{"rendered":"http:\/\/blogdorogeriogomes.com.br\/?p=15174"},"modified":"2020-01-01T14:49:58","modified_gmt":"2020-01-01T14:49:58","slug":"ciro-gomes-volta-a-tracar-quadro-pessimista-sobre-os-rumos-do-governo-bolsonaro","status":"publish","type":"post","link":"https:\/\/blogdorogeriogomes.com.br\/noticias\/2019\/12\/ciro-gomes-volta-a-tracar-quadro-pessimista-sobre-os-rumos-do-governo-bolsonaro\/","title":{"rendered":"Ciro Gomes volta a tra\u00e7ar quadro pessimista sobre os rumos do Governo Bolsonaro"},"content":{"rendered":"\n<p>Em entrevista ao site alem\u00e3o da Deutsche Welle, na sua vers\u00e3o brasileira, o ex-ministro Ciro Gomes, candidato do PDT \u00e0 Presid\u00eancia em 2018, faz uma previs\u00e3o pessimista sobre os rumos do Governo Bolsonaro. Ele n\u00e3o acredita que o presidente Jair Bolsonaro chegar\u00e1 ao fim de seu mandato.<br>\n&#8220;Eu tenho repetido um palpite meu de que ele n\u00e3o termina o governo (\u2026) Ele loteou o governo entre o grupo do Paulo Guedes, que tem uma racionalidade est\u00fapida, mas d\u00e1 para conversar; um n\u00facleo de militares, cada vez mais degradada com a sa\u00edda dos melhores nomes, e esse n\u00facleo de lun\u00e1ticos que controla coisas importantes, como as rela\u00e7\u00f5es exteriores, a pol\u00edtica de direitos humanos e a educa\u00e7\u00e3o, para ficar com tr\u00eas exemplos de onde est\u00e1 sediada a trag\u00e9dia mais grave do governo Bolsonaro. Temos esse encontro da pior crise econ\u00f4mica da nossa hist\u00f3ria e a incapacidade absoluta do Bolsonaro de compreender os problemas e mediar os conflitos e solu\u00e7\u00f5es com um governo completamente heterog\u00eaneo. N\u00e3o vejo como isso possa terminar&#8221;, disse Ciro na entrevista publicada nesta segunda-feira, dia 30 de dezembro.<\/p>\n\n\n\n<figure class=\"wp-block-gallery columns-1 is-cropped wp-block-gallery-1 is-layout-flex wp-block-gallery-is-layout-flex\"><ul class=\"blocks-gallery-grid\"><li class=\"blocks-gallery-item\"><figure><img loading=\"lazy\" decoding=\"async\" width=\"640\" height=\"413\" src=\"http:\/\/blogdorogeriogomes.com.br\/wp-content\/uploads\/2019\/12\/images-2019-12-30T184852.633.jpeg\" alt=\"\" data-id=\"15175\" data-full-url=\"http:\/\/blogdorogeriogomes.com.br\/wp-content\/uploads\/2019\/12\/images-2019-12-30T184852.633.jpeg\" data-link=\"http:\/\/blogdorogeriogomes.com.br\/?attachment_id=15175\" class=\"wp-image-15175\" srcset=\"https:\/\/blogdorogeriogomes.com.br\/noticias\/wp-content\/uploads\/2019\/12\/images-2019-12-30T184852.633.jpeg 640w, https:\/\/blogdorogeriogomes.com.br\/noticias\/wp-content\/uploads\/2019\/12\/images-2019-12-30T184852.633-300x194.jpeg 300w\" sizes=\"auto, (max-width: 640px) 100vw, 640px\" \/><\/figure><\/li><\/ul><\/figure>\n","protected":false},"excerpt":{"rendered":"<p>Em entrevista ao site alem\u00e3o da Deutsche Welle, na sua vers\u00e3o brasileira, o ex-ministro Ciro Gomes, candidato do PDT \u00e0 Presid\u00eancia em 2018, faz uma previs\u00e3o pessimista sobre os rumos do Governo Bolsonaro. Ele n\u00e3o acredita que o presidente Jair Bolsonaro chegar\u00e1 ao fim de seu mandato. &#8220;Eu tenho repetido um palpite meu de que ele n\u00e3o termina o governo (\u2026) Ele loteou o governo entre o grupo do Paulo Guedes, que tem uma racionalidade est\u00fapida, mas d\u00e1 para&hellip;<\/p>\n","protected":false},"author":1,"featured_media":15175,"comment_status":"open","ping_status":"open","sticky":false,"template":"","format":"standard","meta":{"footnotes":""},"categories":[1],"tags":[],"class_list":["post-15174","post","type-post","status-publish","format-standard","has-post-thumbnail","hentry","category-noticias"],"_links":{"self":[{"href":"https:\/\/blogdorogeriogomes.com.br\/noticias\/wp-json\/wp\/v2\/posts\/15174","targetHints":{"allow":["GET"]}}],"collection":[{"href":"https:\/\/blogdorogeriogomes.com.br\/noticias\/wp-json\/wp\/v2\/posts"}],"about":[{"href":"https:\/\/blogdorogeriogomes.com.br\/noticias\/wp-json\/wp\/v2\/types\/post"}],"author":[{"embeddable":true,"href":"https:\/\/blogdorogeriogomes.com.br\/noticias\/wp-json\/wp\/v2\/users\/1"}],"replies":[{"embeddable":true,"href":"https:\/\/blogdorogeriogomes.com.br\/noticias\/wp-json\/wp\/v2\/comments?post=15174"}],"version-history":[{"count":1,"href":"https:\/\/blogdorogeriogomes.com.br\/noticias\/wp-json\/wp\/v2\/posts\/15174\/revisions"}],"predecessor-version":[{"id":15176,"href":"https:\/\/blogdorogeriogomes.com.br\/noticias\/wp-json\/wp\/v2\/posts\/15174\/revisions\/15176"}],"wp:featuredmedia":[{"embeddable":true,"href":"https:\/\/blogdorogeriogomes.com.br\/noticias\/wp-json\/wp\/v2\/media\/15175"}],"wp:attachment":[{"href":"https:\/\/blogdorogeriogomes.com.br\/noticias\/wp-json\/wp\/v2\/media?parent=15174"}],"wp:term":[{"taxonomy":"category","embeddable":true,"href":"https:\/\/blogdorogeriogomes.com.br\/noticias\/wp-json\/wp\/v2\/categories?post=15174"},{"taxonomy":"post_tag","embeddable":true,"href":"https:\/\/blogdorogeriogomes.com.br\/noticias\/wp-json\/wp\/v2\/tags?post=15174"}],"curies":[{"name":"wp","href":"https:\/\/api.w.org\/{rel}","templated":true}]}}