{"id":15177,"date":"2019-12-30T22:21:43","date_gmt":"2019-12-30T22:21:43","guid":{"rendered":"http:\/\/blogdorogeriogomes.com.br\/?p=15177"},"modified":"2020-01-01T14:49:45","modified_gmt":"2020-01-01T14:49:45","slug":"funceme-preve-possibilidade-de-chuvas-na-noite-de-reveillon-em-varias-regioes-do-ceara","status":"publish","type":"post","link":"https:\/\/blogdorogeriogomes.com.br\/noticias\/2019\/12\/funceme-preve-possibilidade-de-chuvas-na-noite-de-reveillon-em-varias-regioes-do-ceara\/","title":{"rendered":"Funceme prev\u00ea possibilidade de chuvas na noite de R\u00e9veillon em v\u00e1rias regi\u00f5es do Cear\u00e1"},"content":{"rendered":"\n<p>O cearense j\u00e1 enfrenta as primeiras precipita\u00e7\u00f5es do per\u00edodo da pr\u00e9-esta\u00e7\u00e3o. Segundo a Funceme, choveu nesta segunda-feira, dia 30 de dezembro, em 22 munic\u00edpios do Cear\u00e1, incluindo Fortaleza. A previs\u00e3o da quadra chuvosa de 2020, que vai de fevereiro a maio, s\u00f3 deve ser divulgada pelo \u00f3rg\u00e3o na primeira quinzena de janeiro.<br>\nNo entanto, a Funceme prev\u00ea a possibilidade de precipita\u00e7\u00f5es na madrugada da quarta-feira, dia 1\u00ba de janeiro, em Fortaleza. Ou seja, a virada do ano pode registrar chuvas na Capital. As regi\u00f5es Norte e Sul do Estado, o Maci\u00e7o de Baturit\u00e9 e a faixa litor\u00e2nea tamb\u00e9m devem apresentar precipita\u00e7\u00f5es durante o R\u00e9veillon.<\/p>\n\n\n\n<figure class=\"wp-block-gallery columns-1 is-cropped wp-block-gallery-1 is-layout-flex wp-block-gallery-is-layout-flex\"><ul class=\"blocks-gallery-grid\"><li class=\"blocks-gallery-item\"><figure><img loading=\"lazy\" decoding=\"async\" width=\"620\" height=\"465\" src=\"http:\/\/blogdorogeriogomes.com.br\/wp-content\/uploads\/2019\/12\/images-2019-12-30T191034.635.jpeg\" alt=\"\" data-id=\"15178\" data-full-url=\"http:\/\/blogdorogeriogomes.com.br\/wp-content\/uploads\/2019\/12\/images-2019-12-30T191034.635.jpeg\" data-link=\"http:\/\/blogdorogeriogomes.com.br\/?attachment_id=15178\" class=\"wp-image-15178\" srcset=\"https:\/\/blogdorogeriogomes.com.br\/noticias\/wp-content\/uploads\/2019\/12\/images-2019-12-30T191034.635.jpeg 620w, https:\/\/blogdorogeriogomes.com.br\/noticias\/wp-content\/uploads\/2019\/12\/images-2019-12-30T191034.635-300x225.jpeg 300w, https:\/\/blogdorogeriogomes.com.br\/noticias\/wp-content\/uploads\/2019\/12\/images-2019-12-30T191034.635-400x300.jpeg 400w\" sizes=\"auto, (max-width: 620px) 100vw, 620px\" \/><\/figure><\/li><\/ul><\/figure>\n","protected":false},"excerpt":{"rendered":"<p>O cearense j\u00e1 enfrenta as primeiras precipita\u00e7\u00f5es do per\u00edodo da pr\u00e9-esta\u00e7\u00e3o. Segundo a Funceme, choveu nesta segunda-feira, dia 30 de dezembro, em 22 munic\u00edpios do Cear\u00e1, incluindo Fortaleza. A previs\u00e3o da quadra chuvosa de 2020, que vai de fevereiro a maio, s\u00f3 deve ser divulgada pelo \u00f3rg\u00e3o na primeira quinzena de janeiro. No entanto, a Funceme prev\u00ea a possibilidade de precipita\u00e7\u00f5es na madrugada da quarta-feira, dia 1\u00ba de janeiro, em Fortaleza. Ou seja, a virada do ano pode registrar&hellip;<\/p>\n","protected":false},"author":1,"featured_media":15178,"comment_status":"open","ping_status":"open","sticky":false,"template":"","format":"standard","meta":{"footnotes":""},"categories":[1],"tags":[],"class_list":["post-15177","post","type-post","status-publish","format-standard","has-post-thumbnail","hentry","category-noticias"],"_links":{"self":[{"href":"https:\/\/blogdorogeriogomes.com.br\/noticias\/wp-json\/wp\/v2\/posts\/15177","targetHints":{"allow":["GET"]}}],"collection":[{"href":"https:\/\/blogdorogeriogomes.com.br\/noticias\/wp-json\/wp\/v2\/posts"}],"about":[{"href":"https:\/\/blogdorogeriogomes.com.br\/noticias\/wp-json\/wp\/v2\/types\/post"}],"author":[{"embeddable":true,"href":"https:\/\/blogdorogeriogomes.com.br\/noticias\/wp-json\/wp\/v2\/users\/1"}],"replies":[{"embeddable":true,"href":"https:\/\/blogdorogeriogomes.com.br\/noticias\/wp-json\/wp\/v2\/comments?post=15177"}],"version-history":[{"count":1,"href":"https:\/\/blogdorogeriogomes.com.br\/noticias\/wp-json\/wp\/v2\/posts\/15177\/revisions"}],"predecessor-version":[{"id":15179,"href":"https:\/\/blogdorogeriogomes.com.br\/noticias\/wp-json\/wp\/v2\/posts\/15177\/revisions\/15179"}],"wp:featuredmedia":[{"embeddable":true,"href":"https:\/\/blogdorogeriogomes.com.br\/noticias\/wp-json\/wp\/v2\/media\/15178"}],"wp:attachment":[{"href":"https:\/\/blogdorogeriogomes.com.br\/noticias\/wp-json\/wp\/v2\/media?parent=15177"}],"wp:term":[{"taxonomy":"category","embeddable":true,"href":"https:\/\/blogdorogeriogomes.com.br\/noticias\/wp-json\/wp\/v2\/categories?post=15177"},{"taxonomy":"post_tag","embeddable":true,"href":"https:\/\/blogdorogeriogomes.com.br\/noticias\/wp-json\/wp\/v2\/tags?post=15177"}],"curies":[{"name":"wp","href":"https:\/\/api.w.org\/{rel}","templated":true}]}}