{"id":15180,"date":"2019-12-31T11:36:06","date_gmt":"2019-12-31T11:36:06","guid":{"rendered":"http:\/\/blogdorogeriogomes.com.br\/?p=15180"},"modified":"2020-01-01T14:49:25","modified_gmt":"2020-01-01T14:49:25","slug":"governo-do-estado-anuncia-convocacao-de-65-novos-agentes-penitenciarios-em-fevereiro","status":"publish","type":"post","link":"https:\/\/blogdorogeriogomes.com.br\/noticias\/2019\/12\/governo-do-estado-anuncia-convocacao-de-65-novos-agentes-penitenciarios-em-fevereiro\/","title":{"rendered":"Governo do Estado anuncia convoca\u00e7\u00e3o de 65 novos agentes penitenci\u00e1rios em fevereiro"},"content":{"rendered":"\n<p>A Secretaria da Administra\u00e7\u00e3o Penitenci\u00e1ria completou um ano de atua\u00e7\u00e3o na esfera estadual, sob o comando do titular Lu\u00eds Mauro Albuquerque. Criada no in\u00edcio da segunda gest\u00e3o do governador Camilo Santana, a pasta vem promovendo uma reestrutura\u00e7\u00e3o do sistema prisional do Cear\u00e1, com mudan\u00e7a de metodologia e de disciplina dos detentos no interior das unidades.<br>\nA SAP vem sendo prestigiada pelo Executivo com refor\u00e7o no efetivo dos agentes. Para fevereiro de 2020, Camilo Santana j\u00e1 anuncia a convoca\u00e7\u00e3o de uma nova turma de 65 novos agentes penitenci\u00e1rios. No total, 632 profissionais foram aprovados para atuar no sistema prisional do Estado.<br>\nNa Secretaria de Seguran\u00e7a P\u00fablica e Defesa Social, sob o comando do titular Andr\u00e9 Costa, o Governo tamb\u00e9m tem investido em pessoal. Para 2020, j\u00e1 est\u00e1 prometido um novo concurso p\u00fablico para a Pol\u00edcia Militar e outro para a Pol\u00edcia Civil.<\/p>\n\n\n\n<figure class=\"wp-block-gallery columns-1 is-cropped wp-block-gallery-1 is-layout-flex wp-block-gallery-is-layout-flex\"><ul class=\"blocks-gallery-grid\"><li class=\"blocks-gallery-item\"><figure><img loading=\"lazy\" decoding=\"async\" width=\"853\" height=\"568\" src=\"http:\/\/blogdorogeriogomes.com.br\/wp-content\/uploads\/2019\/12\/Governador-Camilo-Santana-se-re\u00fane-com-c\u00fapula-da-Seguran\u00e7a-e-tra\u00e7a-planos-para-combater-a\u00e7\u00f5es-criminosas-no-Estado-03.jpeg\" alt=\"\" data-id=\"15181\" data-full-url=\"http:\/\/blogdorogeriogomes.com.br\/wp-content\/uploads\/2019\/12\/Governador-Camilo-Santana-se-re\u00fane-com-c\u00fapula-da-Seguran\u00e7a-e-tra\u00e7a-planos-para-combater-a\u00e7\u00f5es-criminosas-no-Estado-03.jpeg\" data-link=\"http:\/\/blogdorogeriogomes.com.br\/?attachment_id=15181\" class=\"wp-image-15181\" srcset=\"https:\/\/blogdorogeriogomes.com.br\/noticias\/wp-content\/uploads\/2019\/12\/Governador-Camilo-Santana-se-re\u00fane-com-c\u00fapula-da-Seguran\u00e7a-e-tra\u00e7a-planos-para-combater-a\u00e7\u00f5es-criminosas-no-Estado-03.jpeg 853w, https:\/\/blogdorogeriogomes.com.br\/noticias\/wp-content\/uploads\/2019\/12\/Governador-Camilo-Santana-se-re\u00fane-com-c\u00fapula-da-Seguran\u00e7a-e-tra\u00e7a-planos-para-combater-a\u00e7\u00f5es-criminosas-no-Estado-03-300x200.jpeg 300w, https:\/\/blogdorogeriogomes.com.br\/noticias\/wp-content\/uploads\/2019\/12\/Governador-Camilo-Santana-se-re\u00fane-com-c\u00fapula-da-Seguran\u00e7a-e-tra\u00e7a-planos-para-combater-a\u00e7\u00f5es-criminosas-no-Estado-03-768x511.jpeg 768w, https:\/\/blogdorogeriogomes.com.br\/noticias\/wp-content\/uploads\/2019\/12\/Governador-Camilo-Santana-se-re\u00fane-com-c\u00fapula-da-Seguran\u00e7a-e-tra\u00e7a-planos-para-combater-a\u00e7\u00f5es-criminosas-no-Estado-03-800x533.jpeg 800w\" sizes=\"auto, (max-width: 853px) 100vw, 853px\" \/><\/figure><\/li><\/ul><\/figure>\n","protected":false},"excerpt":{"rendered":"<p>A Secretaria da Administra\u00e7\u00e3o Penitenci\u00e1ria completou um ano de atua\u00e7\u00e3o na esfera estadual, sob o comando do titular Lu\u00eds Mauro Albuquerque. Criada no in\u00edcio da segunda gest\u00e3o do governador Camilo Santana, a pasta vem promovendo uma reestrutura\u00e7\u00e3o do sistema prisional do Cear\u00e1, com mudan\u00e7a de metodologia e de disciplina dos detentos no interior das unidades. A SAP vem sendo prestigiada pelo Executivo com refor\u00e7o no efetivo dos agentes. Para fevereiro de 2020, Camilo Santana j\u00e1 anuncia a convoca\u00e7\u00e3o de&hellip;<\/p>\n","protected":false},"author":1,"featured_media":15181,"comment_status":"open","ping_status":"open","sticky":false,"template":"","format":"standard","meta":{"footnotes":""},"categories":[1],"tags":[],"class_list":["post-15180","post","type-post","status-publish","format-standard","has-post-thumbnail","hentry","category-noticias"],"_links":{"self":[{"href":"https:\/\/blogdorogeriogomes.com.br\/noticias\/wp-json\/wp\/v2\/posts\/15180","targetHints":{"allow":["GET"]}}],"collection":[{"href":"https:\/\/blogdorogeriogomes.com.br\/noticias\/wp-json\/wp\/v2\/posts"}],"about":[{"href":"https:\/\/blogdorogeriogomes.com.br\/noticias\/wp-json\/wp\/v2\/types\/post"}],"author":[{"embeddable":true,"href":"https:\/\/blogdorogeriogomes.com.br\/noticias\/wp-json\/wp\/v2\/users\/1"}],"replies":[{"embeddable":true,"href":"https:\/\/blogdorogeriogomes.com.br\/noticias\/wp-json\/wp\/v2\/comments?post=15180"}],"version-history":[{"count":1,"href":"https:\/\/blogdorogeriogomes.com.br\/noticias\/wp-json\/wp\/v2\/posts\/15180\/revisions"}],"predecessor-version":[{"id":15182,"href":"https:\/\/blogdorogeriogomes.com.br\/noticias\/wp-json\/wp\/v2\/posts\/15180\/revisions\/15182"}],"wp:featuredmedia":[{"embeddable":true,"href":"https:\/\/blogdorogeriogomes.com.br\/noticias\/wp-json\/wp\/v2\/media\/15181"}],"wp:attachment":[{"href":"https:\/\/blogdorogeriogomes.com.br\/noticias\/wp-json\/wp\/v2\/media?parent=15180"}],"wp:term":[{"taxonomy":"category","embeddable":true,"href":"https:\/\/blogdorogeriogomes.com.br\/noticias\/wp-json\/wp\/v2\/categories?post=15180"},{"taxonomy":"post_tag","embeddable":true,"href":"https:\/\/blogdorogeriogomes.com.br\/noticias\/wp-json\/wp\/v2\/tags?post=15180"}],"curies":[{"name":"wp","href":"https:\/\/api.w.org\/{rel}","templated":true}]}}