{"id":15183,"date":"2019-12-31T11:55:41","date_gmt":"2019-12-31T11:55:41","guid":{"rendered":"http:\/\/blogdorogeriogomes.com.br\/?p=15183"},"modified":"2020-01-01T14:49:09","modified_gmt":"2020-01-01T14:49:09","slug":"secretaria-de-saude-do-estado-projeta-aumento-de-leitos-de-uti-em-hospitais-do-interior","status":"publish","type":"post","link":"https:\/\/blogdorogeriogomes.com.br\/noticias\/2019\/12\/secretaria-de-saude-do-estado-projeta-aumento-de-leitos-de-uti-em-hospitais-do-interior\/","title":{"rendered":"Secretaria de Sa\u00fade do Estado projeta aumento de leitos de UTI em hospitais do interior"},"content":{"rendered":"\n<p>A Secretaria da Sa\u00fade do Cear\u00e1 projeta a implementa\u00e7\u00e3o de novos leitos e de um sistema de imagens, al\u00e9m de avan\u00e7os na telemedicina, para o interior do Estado em 2020. Hospitais-polos dos munic\u00edpios de Tau\u00e1, Crate\u00fas, Tiangu\u00e1, Iguatu e Itapipoca ter\u00e3o incremento de leitos de terapia intensiva, de acordo com o secret\u00e1rio de Sa\u00fade do Estado, Dr. Cabeto.<br>\nEm rela\u00e7\u00e3o ao uso da telemedicina, cujo recurso possibilita consultas por meio de videoconfer\u00eancia, o secret\u00e1rio de Sa\u00fade adianta que a ferramenta ser\u00e1 usada para uma segunda opini\u00e3o m\u00e9dica.<br>\nUma outra medida vai permitir a elabora\u00e7\u00e3o de laudos a dist\u00e2ncia. O sistema Pacs, que em tradu\u00e7\u00e3o livre significa Sistema de Comunica\u00e7\u00e3o e Arquivamento de Imagens, ser\u00e1 implementado de forma gradativa a partir de mar\u00e7o em cinco hospitais de Fortaleza, hospitais regionais e polos, assim como em policl\u00ednicas.<\/p>\n\n\n\n<figure class=\"wp-block-gallery columns-1 is-cropped wp-block-gallery-1 is-layout-flex wp-block-gallery-is-layout-flex\"><ul class=\"blocks-gallery-grid\"><li class=\"blocks-gallery-item\"><figure><img loading=\"lazy\" decoding=\"async\" width=\"555\" height=\"274\" src=\"http:\/\/blogdorogeriogomes.com.br\/wp-content\/uploads\/2019\/12\/banner_site_visita_HRSC_7.png\" alt=\"\" data-id=\"15184\" data-full-url=\"http:\/\/blogdorogeriogomes.com.br\/wp-content\/uploads\/2019\/12\/banner_site_visita_HRSC_7.png\" data-link=\"http:\/\/blogdorogeriogomes.com.br\/?attachment_id=15184\" class=\"wp-image-15184\" srcset=\"https:\/\/blogdorogeriogomes.com.br\/noticias\/wp-content\/uploads\/2019\/12\/banner_site_visita_HRSC_7.png 555w, https:\/\/blogdorogeriogomes.com.br\/noticias\/wp-content\/uploads\/2019\/12\/banner_site_visita_HRSC_7-300x148.png 300w\" sizes=\"auto, (max-width: 555px) 100vw, 555px\" \/><\/figure><\/li><\/ul><\/figure>\n","protected":false},"excerpt":{"rendered":"<p>A Secretaria da Sa\u00fade do Cear\u00e1 projeta a implementa\u00e7\u00e3o de novos leitos e de um sistema de imagens, al\u00e9m de avan\u00e7os na telemedicina, para o interior do Estado em 2020. Hospitais-polos dos munic\u00edpios de Tau\u00e1, Crate\u00fas, Tiangu\u00e1, Iguatu e Itapipoca ter\u00e3o incremento de leitos de terapia intensiva, de acordo com o secret\u00e1rio de Sa\u00fade do Estado, Dr. Cabeto. Em rela\u00e7\u00e3o ao uso da telemedicina, cujo recurso possibilita consultas por meio de videoconfer\u00eancia, o secret\u00e1rio de Sa\u00fade adianta que a&hellip;<\/p>\n","protected":false},"author":1,"featured_media":15184,"comment_status":"open","ping_status":"open","sticky":false,"template":"","format":"standard","meta":{"footnotes":""},"categories":[1],"tags":[],"class_list":["post-15183","post","type-post","status-publish","format-standard","has-post-thumbnail","hentry","category-noticias"],"_links":{"self":[{"href":"https:\/\/blogdorogeriogomes.com.br\/noticias\/wp-json\/wp\/v2\/posts\/15183","targetHints":{"allow":["GET"]}}],"collection":[{"href":"https:\/\/blogdorogeriogomes.com.br\/noticias\/wp-json\/wp\/v2\/posts"}],"about":[{"href":"https:\/\/blogdorogeriogomes.com.br\/noticias\/wp-json\/wp\/v2\/types\/post"}],"author":[{"embeddable":true,"href":"https:\/\/blogdorogeriogomes.com.br\/noticias\/wp-json\/wp\/v2\/users\/1"}],"replies":[{"embeddable":true,"href":"https:\/\/blogdorogeriogomes.com.br\/noticias\/wp-json\/wp\/v2\/comments?post=15183"}],"version-history":[{"count":1,"href":"https:\/\/blogdorogeriogomes.com.br\/noticias\/wp-json\/wp\/v2\/posts\/15183\/revisions"}],"predecessor-version":[{"id":15185,"href":"https:\/\/blogdorogeriogomes.com.br\/noticias\/wp-json\/wp\/v2\/posts\/15183\/revisions\/15185"}],"wp:featuredmedia":[{"embeddable":true,"href":"https:\/\/blogdorogeriogomes.com.br\/noticias\/wp-json\/wp\/v2\/media\/15184"}],"wp:attachment":[{"href":"https:\/\/blogdorogeriogomes.com.br\/noticias\/wp-json\/wp\/v2\/media?parent=15183"}],"wp:term":[{"taxonomy":"category","embeddable":true,"href":"https:\/\/blogdorogeriogomes.com.br\/noticias\/wp-json\/wp\/v2\/categories?post=15183"},{"taxonomy":"post_tag","embeddable":true,"href":"https:\/\/blogdorogeriogomes.com.br\/noticias\/wp-json\/wp\/v2\/tags?post=15183"}],"curies":[{"name":"wp","href":"https:\/\/api.w.org\/{rel}","templated":true}]}}