{"id":15187,"date":"2020-01-02T08:41:26","date_gmt":"2020-01-02T08:41:26","guid":{"rendered":"http:\/\/blogdorogeriogomes.com.br\/?p=15187"},"modified":"2020-01-03T15:32:40","modified_gmt":"2020-01-03T15:32:40","slug":"2020-promete-mais-dias-de-descanso-com-feriados-prolongados-do-que-em-2019","status":"publish","type":"post","link":"https:\/\/blogdorogeriogomes.com.br\/noticias\/2020\/01\/2020-promete-mais-dias-de-descanso-com-feriados-prolongados-do-que-em-2019\/","title":{"rendered":"2020 promete mais dias de descanso com feriados prolongados do que em 2019"},"content":{"rendered":"\n<p>Para quem gosta de um bom feriado, o ano de 2020 promete mais dias de descanso do que 2019. Dos 12 feriados nacionais, 11 caem em dias de semana e dez podem ser emendados com s\u00e1bados e domingos. A lista n\u00e3o inclui os feriados estaduais e municipais.<br>\nAs exce\u00e7\u00f5es aos feriados colados ao fim de semana foram o 1\u00ba de janeiro (Confraterniza\u00e7\u00e3o Universal), que caiu em uma quarta-feira. O feriado de Tiradentes, no dia 21 de abril, ser\u00e1 em uma ter\u00e7a-feira e o Corpus Christi, no dia 11 de junho, que sempre cai \u00e0s quintas-feiras 60 dias ap\u00f3s a P\u00e1scoa.<br>\nP\u00e1scoa e Carnaval s\u00e3o feriados alongados em todos os anos. A Paix\u00e3o de Cristo (sexta-feira) ser\u00e1 no dia 10 de abril. A segunda-feira e a ter\u00e7a-feira de Carnaval cair\u00e3o nos dias 24 e 25 de fevereiro, respectivamente.<br>\nAl\u00e9m desses dias, os brasileiros poder\u00e3o emendar com o fim de semana o Dia do Trabalho (1\u00ba de maio) que cai numa sexta-feira, assim como o Natal (25 de dezembro).<br>\nPara quem n\u00e3o gosta das segundas-feiras, a boa not\u00edcia \u00e9 que os feriados da Independ\u00eancia(7 de setembro), de Nossa Senhora Aparecida (12 de outubro) e de Finados (2 de novembro) cair\u00e3o nesse dia da semana.<\/p>\n\n\n\n<figure class=\"wp-block-gallery columns-1 is-cropped wp-block-gallery-1 is-layout-flex wp-block-gallery-is-layout-flex\"><ul class=\"blocks-gallery-grid\"><li class=\"blocks-gallery-item\"><figure><img loading=\"lazy\" decoding=\"async\" width=\"658\" height=\"466\" src=\"http:\/\/blogdorogeriogomes.com.br\/wp-content\/uploads\/2020\/01\/images-2020-01-02T053033.817.jpeg\" alt=\"\" data-id=\"15188\" data-full-url=\"http:\/\/blogdorogeriogomes.com.br\/wp-content\/uploads\/2020\/01\/images-2020-01-02T053033.817.jpeg\" data-link=\"http:\/\/blogdorogeriogomes.com.br\/?attachment_id=15188\" class=\"wp-image-15188\" srcset=\"https:\/\/blogdorogeriogomes.com.br\/noticias\/wp-content\/uploads\/2020\/01\/images-2020-01-02T053033.817.jpeg 658w, https:\/\/blogdorogeriogomes.com.br\/noticias\/wp-content\/uploads\/2020\/01\/images-2020-01-02T053033.817-300x212.jpeg 300w\" sizes=\"auto, (max-width: 658px) 100vw, 658px\" \/><\/figure><\/li><\/ul><\/figure>\n","protected":false},"excerpt":{"rendered":"<p>Para quem gosta de um bom feriado, o ano de 2020 promete mais dias de descanso do que 2019. Dos 12 feriados nacionais, 11 caem em dias de semana e dez podem ser emendados com s\u00e1bados e domingos. A lista n\u00e3o inclui os feriados estaduais e municipais. As exce\u00e7\u00f5es aos feriados colados ao fim de semana foram o 1\u00ba de janeiro (Confraterniza\u00e7\u00e3o Universal), que caiu em uma quarta-feira. O feriado de Tiradentes, no dia 21 de abril, ser\u00e1 em&hellip;<\/p>\n","protected":false},"author":1,"featured_media":15188,"comment_status":"open","ping_status":"open","sticky":false,"template":"","format":"standard","meta":{"footnotes":""},"categories":[1],"tags":[],"class_list":["post-15187","post","type-post","status-publish","format-standard","has-post-thumbnail","hentry","category-noticias"],"_links":{"self":[{"href":"https:\/\/blogdorogeriogomes.com.br\/noticias\/wp-json\/wp\/v2\/posts\/15187","targetHints":{"allow":["GET"]}}],"collection":[{"href":"https:\/\/blogdorogeriogomes.com.br\/noticias\/wp-json\/wp\/v2\/posts"}],"about":[{"href":"https:\/\/blogdorogeriogomes.com.br\/noticias\/wp-json\/wp\/v2\/types\/post"}],"author":[{"embeddable":true,"href":"https:\/\/blogdorogeriogomes.com.br\/noticias\/wp-json\/wp\/v2\/users\/1"}],"replies":[{"embeddable":true,"href":"https:\/\/blogdorogeriogomes.com.br\/noticias\/wp-json\/wp\/v2\/comments?post=15187"}],"version-history":[{"count":1,"href":"https:\/\/blogdorogeriogomes.com.br\/noticias\/wp-json\/wp\/v2\/posts\/15187\/revisions"}],"predecessor-version":[{"id":15189,"href":"https:\/\/blogdorogeriogomes.com.br\/noticias\/wp-json\/wp\/v2\/posts\/15187\/revisions\/15189"}],"wp:featuredmedia":[{"embeddable":true,"href":"https:\/\/blogdorogeriogomes.com.br\/noticias\/wp-json\/wp\/v2\/media\/15188"}],"wp:attachment":[{"href":"https:\/\/blogdorogeriogomes.com.br\/noticias\/wp-json\/wp\/v2\/media?parent=15187"}],"wp:term":[{"taxonomy":"category","embeddable":true,"href":"https:\/\/blogdorogeriogomes.com.br\/noticias\/wp-json\/wp\/v2\/categories?post=15187"},{"taxonomy":"post_tag","embeddable":true,"href":"https:\/\/blogdorogeriogomes.com.br\/noticias\/wp-json\/wp\/v2\/tags?post=15187"}],"curies":[{"name":"wp","href":"https:\/\/api.w.org\/{rel}","templated":true}]}}