{"id":15190,"date":"2020-01-02T08:53:40","date_gmt":"2020-01-02T08:53:40","guid":{"rendered":"http:\/\/blogdorogeriogomes.com.br\/?p=15190"},"modified":"2020-01-03T15:32:28","modified_gmt":"2020-01-03T15:32:28","slug":"partidos-e-candidatos-se-articulam-para-mais-uma-campanha-eleitoral-em-2020","status":"publish","type":"post","link":"https:\/\/blogdorogeriogomes.com.br\/noticias\/2020\/01\/partidos-e-candidatos-se-articulam-para-mais-uma-campanha-eleitoral-em-2020\/","title":{"rendered":"Partidos e candidatos se articulam para mais uma campanha eleitoral em 2020"},"content":{"rendered":"\n<p>O ano de 2020 ser\u00e1 de elei\u00e7\u00f5es municipais em todo o Pa\u00eds. E o Congresso Nacional j\u00e1 definiu as verbas eleitorais que poder\u00e3o ser utilizadas por partidos e candidatos. Ser\u00e3o R$ 2 bilh\u00f5es do Fundo de Financiamento de Campanha Eleitoral para custear candidaturas. O valor foi aprovado pelos parlamentares junto com a Lei Or\u00e7ament\u00e1ria Anual (LOA) de 2020, no dia 17 de dezembro de 2019, ap\u00f3s se chegar a um acordo com o Pal\u00e1cio do Planalto. O valor \u00e9 R$ 300 milh\u00f5es a mais do que o disponibilizado em 2018 (R$ 1,7 bilh\u00e3o).<br>\nOs parlamentares queriam mais, em torno de R$ 3,8 bilh\u00f5es. Mas diante da repercuss\u00e3o ruim junto ao eleitorado, desistiram da ideia. Al\u00e9m dos recursos do Fundo Eleitoral, os partidos ter\u00e3o \u00e0 disposi\u00e7\u00e3o a verba do Fundo Partid\u00e1rio, que tamb\u00e9m pode ser usada para financiamento de campanhas. <br>\nAs elei\u00e7\u00f5es municipais j\u00e1 t\u00eam data definida e est\u00e3o marcadas para ocorrer nos dias 4 (primeiro turno) e 25 de outubro (segundo turno).<\/p>\n\n\n\n<figure class=\"wp-block-gallery columns-1 is-cropped wp-block-gallery-1 is-layout-flex wp-block-gallery-is-layout-flex\"><ul class=\"blocks-gallery-grid\"><li class=\"blocks-gallery-item\"><figure><img loading=\"lazy\" decoding=\"async\" width=\"760\" height=\"506\" src=\"http:\/\/blogdorogeriogomes.com.br\/wp-content\/uploads\/2020\/01\/97a0cc735f6de8d2751978e377329784.jpg\" alt=\"\" data-id=\"15191\" data-full-url=\"http:\/\/blogdorogeriogomes.com.br\/wp-content\/uploads\/2020\/01\/97a0cc735f6de8d2751978e377329784.jpg\" data-link=\"http:\/\/blogdorogeriogomes.com.br\/?attachment_id=15191\" class=\"wp-image-15191\" srcset=\"https:\/\/blogdorogeriogomes.com.br\/noticias\/wp-content\/uploads\/2020\/01\/97a0cc735f6de8d2751978e377329784.jpg 760w, https:\/\/blogdorogeriogomes.com.br\/noticias\/wp-content\/uploads\/2020\/01\/97a0cc735f6de8d2751978e377329784-300x200.jpg 300w\" sizes=\"auto, (max-width: 760px) 100vw, 760px\" \/><\/figure><\/li><\/ul><\/figure>\n","protected":false},"excerpt":{"rendered":"<p>O ano de 2020 ser\u00e1 de elei\u00e7\u00f5es municipais em todo o Pa\u00eds. E o Congresso Nacional j\u00e1 definiu as verbas eleitorais que poder\u00e3o ser utilizadas por partidos e candidatos. Ser\u00e3o R$ 2 bilh\u00f5es do Fundo de Financiamento de Campanha Eleitoral para custear candidaturas. O valor foi aprovado pelos parlamentares junto com a Lei Or\u00e7ament\u00e1ria Anual (LOA) de 2020, no dia 17 de dezembro de 2019, ap\u00f3s se chegar a um acordo com o Pal\u00e1cio do Planalto. O valor \u00e9&hellip;<\/p>\n","protected":false},"author":1,"featured_media":15191,"comment_status":"open","ping_status":"open","sticky":false,"template":"","format":"standard","meta":{"footnotes":""},"categories":[1],"tags":[],"class_list":["post-15190","post","type-post","status-publish","format-standard","has-post-thumbnail","hentry","category-noticias"],"_links":{"self":[{"href":"https:\/\/blogdorogeriogomes.com.br\/noticias\/wp-json\/wp\/v2\/posts\/15190","targetHints":{"allow":["GET"]}}],"collection":[{"href":"https:\/\/blogdorogeriogomes.com.br\/noticias\/wp-json\/wp\/v2\/posts"}],"about":[{"href":"https:\/\/blogdorogeriogomes.com.br\/noticias\/wp-json\/wp\/v2\/types\/post"}],"author":[{"embeddable":true,"href":"https:\/\/blogdorogeriogomes.com.br\/noticias\/wp-json\/wp\/v2\/users\/1"}],"replies":[{"embeddable":true,"href":"https:\/\/blogdorogeriogomes.com.br\/noticias\/wp-json\/wp\/v2\/comments?post=15190"}],"version-history":[{"count":1,"href":"https:\/\/blogdorogeriogomes.com.br\/noticias\/wp-json\/wp\/v2\/posts\/15190\/revisions"}],"predecessor-version":[{"id":15192,"href":"https:\/\/blogdorogeriogomes.com.br\/noticias\/wp-json\/wp\/v2\/posts\/15190\/revisions\/15192"}],"wp:featuredmedia":[{"embeddable":true,"href":"https:\/\/blogdorogeriogomes.com.br\/noticias\/wp-json\/wp\/v2\/media\/15191"}],"wp:attachment":[{"href":"https:\/\/blogdorogeriogomes.com.br\/noticias\/wp-json\/wp\/v2\/media?parent=15190"}],"wp:term":[{"taxonomy":"category","embeddable":true,"href":"https:\/\/blogdorogeriogomes.com.br\/noticias\/wp-json\/wp\/v2\/categories?post=15190"},{"taxonomy":"post_tag","embeddable":true,"href":"https:\/\/blogdorogeriogomes.com.br\/noticias\/wp-json\/wp\/v2\/tags?post=15190"}],"curies":[{"name":"wp","href":"https:\/\/api.w.org\/{rel}","templated":true}]}}