{"id":15193,"date":"2020-01-02T09:08:53","date_gmt":"2020-01-02T09:08:53","guid":{"rendered":"http:\/\/blogdorogeriogomes.com.br\/?p=15193"},"modified":"2020-01-03T15:32:18","modified_gmt":"2020-01-03T15:32:18","slug":"novo-salario-minimo-de-r-1-039-ja-esta-em-vigor-no-pais","status":"publish","type":"post","link":"https:\/\/blogdorogeriogomes.com.br\/noticias\/2020\/01\/novo-salario-minimo-de-r-1-039-ja-esta-em-vigor-no-pais\/","title":{"rendered":"Novo sal\u00e1rio m\u00ednimo de R$ 1.039 j\u00e1 est\u00e1 em vigor no Pa\u00eds"},"content":{"rendered":"\n<p>Est\u00e1 em vigor desde esta quarta-feira, dia 1\u00b0 de janeiro, o valor do novo sal\u00e1rio m\u00ednimo corrigido de R$ 998 para R$ 1.039 em 2020. O aumento \u00e9 de 4,1%. O valor do piso serve para balizar os pagamentos de benef\u00edcios assistenciais, previdenci\u00e1rios, al\u00e9m do abono salarial e do seguro-desemprego.<br>\nApesar de um aumento inexpressivo, o Governo Federal justificou o \u00edndice de 4,1%. Segundo o ministro da Economia, Paulo Guedes, um reajuste acima da infla\u00e7\u00e3o no momento atual poderia gerar desemprego em massa. Como se n\u00f3s j\u00e1 n\u00e3o tiv\u00e9ssemos uma situa\u00e7\u00e3o de desemprego em massa.<\/p>\n\n\n\n<figure class=\"wp-block-gallery columns-1 is-cropped wp-block-gallery-1 is-layout-flex wp-block-gallery-is-layout-flex\"><ul class=\"blocks-gallery-grid\"><li class=\"blocks-gallery-item\"><figure><img loading=\"lazy\" decoding=\"async\" width=\"715\" height=\"429\" src=\"http:\/\/blogdorogeriogomes.com.br\/wp-content\/uploads\/2020\/01\/images-2020-01-02T060407.759.jpeg\" alt=\"\" data-id=\"15194\" data-full-url=\"http:\/\/blogdorogeriogomes.com.br\/wp-content\/uploads\/2020\/01\/images-2020-01-02T060407.759.jpeg\" data-link=\"http:\/\/blogdorogeriogomes.com.br\/?attachment_id=15194\" class=\"wp-image-15194\" srcset=\"https:\/\/blogdorogeriogomes.com.br\/noticias\/wp-content\/uploads\/2020\/01\/images-2020-01-02T060407.759.jpeg 715w, https:\/\/blogdorogeriogomes.com.br\/noticias\/wp-content\/uploads\/2020\/01\/images-2020-01-02T060407.759-300x180.jpeg 300w\" sizes=\"auto, (max-width: 715px) 100vw, 715px\" \/><\/figure><\/li><\/ul><\/figure>\n","protected":false},"excerpt":{"rendered":"<p>Est\u00e1 em vigor desde esta quarta-feira, dia 1\u00b0 de janeiro, o valor do novo sal\u00e1rio m\u00ednimo corrigido de R$ 998 para R$ 1.039 em 2020. O aumento \u00e9 de 4,1%. O valor do piso serve para balizar os pagamentos de benef\u00edcios assistenciais, previdenci\u00e1rios, al\u00e9m do abono salarial e do seguro-desemprego. Apesar de um aumento inexpressivo, o Governo Federal justificou o \u00edndice de 4,1%. Segundo o ministro da Economia, Paulo Guedes, um reajuste acima da infla\u00e7\u00e3o no momento atual poderia&hellip;<\/p>\n","protected":false},"author":1,"featured_media":15194,"comment_status":"open","ping_status":"open","sticky":false,"template":"","format":"standard","meta":{"footnotes":""},"categories":[1],"tags":[],"class_list":["post-15193","post","type-post","status-publish","format-standard","has-post-thumbnail","hentry","category-noticias"],"_links":{"self":[{"href":"https:\/\/blogdorogeriogomes.com.br\/noticias\/wp-json\/wp\/v2\/posts\/15193","targetHints":{"allow":["GET"]}}],"collection":[{"href":"https:\/\/blogdorogeriogomes.com.br\/noticias\/wp-json\/wp\/v2\/posts"}],"about":[{"href":"https:\/\/blogdorogeriogomes.com.br\/noticias\/wp-json\/wp\/v2\/types\/post"}],"author":[{"embeddable":true,"href":"https:\/\/blogdorogeriogomes.com.br\/noticias\/wp-json\/wp\/v2\/users\/1"}],"replies":[{"embeddable":true,"href":"https:\/\/blogdorogeriogomes.com.br\/noticias\/wp-json\/wp\/v2\/comments?post=15193"}],"version-history":[{"count":1,"href":"https:\/\/blogdorogeriogomes.com.br\/noticias\/wp-json\/wp\/v2\/posts\/15193\/revisions"}],"predecessor-version":[{"id":15195,"href":"https:\/\/blogdorogeriogomes.com.br\/noticias\/wp-json\/wp\/v2\/posts\/15193\/revisions\/15195"}],"wp:featuredmedia":[{"embeddable":true,"href":"https:\/\/blogdorogeriogomes.com.br\/noticias\/wp-json\/wp\/v2\/media\/15194"}],"wp:attachment":[{"href":"https:\/\/blogdorogeriogomes.com.br\/noticias\/wp-json\/wp\/v2\/media?parent=15193"}],"wp:term":[{"taxonomy":"category","embeddable":true,"href":"https:\/\/blogdorogeriogomes.com.br\/noticias\/wp-json\/wp\/v2\/categories?post=15193"},{"taxonomy":"post_tag","embeddable":true,"href":"https:\/\/blogdorogeriogomes.com.br\/noticias\/wp-json\/wp\/v2\/tags?post=15193"}],"curies":[{"name":"wp","href":"https:\/\/api.w.org\/{rel}","templated":true}]}}