{"id":15196,"date":"2020-01-02T09:21:57","date_gmt":"2020-01-02T09:21:57","guid":{"rendered":"http:\/\/blogdorogeriogomes.com.br\/?p=15196"},"modified":"2020-01-03T15:32:08","modified_gmt":"2020-01-03T15:32:08","slug":"prefeitura-de-fortaleza-divulga-resultado-preliminar-do-edital-dos-blocos-de-pre-carnaval-e-do-carnaval-2020","status":"publish","type":"post","link":"https:\/\/blogdorogeriogomes.com.br\/noticias\/2020\/01\/prefeitura-de-fortaleza-divulga-resultado-preliminar-do-edital-dos-blocos-de-pre-carnaval-e-do-carnaval-2020\/","title":{"rendered":"Prefeitura de Fortaleza divulga resultado preliminar do Edital dos blocos de Pr\u00e9-Carnaval e do Carnaval 2020"},"content":{"rendered":"\n<p>A Prefeitura de Fortaleza divulgou, por meio da Secretaria Municipal da Cultura de Fortaleza (Secultfor), o resultado preliminar do Edital de Apoio aos Blocos de Rua do Ciclo Carnavalesco 2020. O Edital, que prev\u00ea o montante de R$ 550 mil, tem o objetivo de fomentar a cultura apoiando blocos de rua durante o Pr\u00e9-Carnaval e o Carnaval. As informa\u00e7\u00f5es sobre recursos est\u00e3o dispon\u00edveis no site da Central de Licita\u00e7\u00f5es de Fortaleza (CLFOR).<br>\nO Edital vai contemplar 56 projetos de blocos de rua, entre veteranos e estreantes, que poder\u00e3o dividir as apresenta\u00e7\u00f5es no per\u00edodo do Pr\u00e9-Carnaval e do Carnaval de 2020. Dos 56 projetos contemplados, 48 ser\u00e3o de blocos veteranos com quatro desfiles ou apresenta\u00e7\u00f5es, e oito blocos estreantes com um desfile ou apresenta\u00e7\u00e3o.<\/p>\n\n\n\n<figure class=\"wp-block-gallery columns-1 is-cropped wp-block-gallery-1 is-layout-flex wp-block-gallery-is-layout-flex\"><ul class=\"blocks-gallery-grid\"><li class=\"blocks-gallery-item\"><figure><img loading=\"lazy\" decoding=\"async\" width=\"1024\" height=\"683\" src=\"http:\/\/blogdorogeriogomes.com.br\/wp-content\/uploads\/2020\/01\/carnaval-1024x683.jpg\" alt=\"\" data-id=\"15197\" data-full-url=\"http:\/\/blogdorogeriogomes.com.br\/wp-content\/uploads\/2020\/01\/carnaval.jpg\" data-link=\"http:\/\/blogdorogeriogomes.com.br\/?attachment_id=15197\" class=\"wp-image-15197\" srcset=\"https:\/\/blogdorogeriogomes.com.br\/noticias\/wp-content\/uploads\/2020\/01\/carnaval-1024x683.jpg 1024w, https:\/\/blogdorogeriogomes.com.br\/noticias\/wp-content\/uploads\/2020\/01\/carnaval-300x200.jpg 300w, https:\/\/blogdorogeriogomes.com.br\/noticias\/wp-content\/uploads\/2020\/01\/carnaval-768x512.jpg 768w, https:\/\/blogdorogeriogomes.com.br\/noticias\/wp-content\/uploads\/2020\/01\/carnaval-1536x1024.jpg 1536w, https:\/\/blogdorogeriogomes.com.br\/noticias\/wp-content\/uploads\/2020\/01\/carnaval-800x533.jpg 800w, https:\/\/blogdorogeriogomes.com.br\/noticias\/wp-content\/uploads\/2020\/01\/carnaval.jpg 1800w\" sizes=\"auto, (max-width: 1024px) 100vw, 1024px\" \/><\/figure><\/li><\/ul><\/figure>\n","protected":false},"excerpt":{"rendered":"<p>A Prefeitura de Fortaleza divulgou, por meio da Secretaria Municipal da Cultura de Fortaleza (Secultfor), o resultado preliminar do Edital de Apoio aos Blocos de Rua do Ciclo Carnavalesco 2020. O Edital, que prev\u00ea o montante de R$ 550 mil, tem o objetivo de fomentar a cultura apoiando blocos de rua durante o Pr\u00e9-Carnaval e o Carnaval. As informa\u00e7\u00f5es sobre recursos est\u00e3o dispon\u00edveis no site da Central de Licita\u00e7\u00f5es de Fortaleza (CLFOR). O Edital vai contemplar 56 projetos de&hellip;<\/p>\n","protected":false},"author":1,"featured_media":15197,"comment_status":"open","ping_status":"open","sticky":false,"template":"","format":"standard","meta":{"footnotes":""},"categories":[1],"tags":[],"class_list":["post-15196","post","type-post","status-publish","format-standard","has-post-thumbnail","hentry","category-noticias"],"_links":{"self":[{"href":"https:\/\/blogdorogeriogomes.com.br\/noticias\/wp-json\/wp\/v2\/posts\/15196","targetHints":{"allow":["GET"]}}],"collection":[{"href":"https:\/\/blogdorogeriogomes.com.br\/noticias\/wp-json\/wp\/v2\/posts"}],"about":[{"href":"https:\/\/blogdorogeriogomes.com.br\/noticias\/wp-json\/wp\/v2\/types\/post"}],"author":[{"embeddable":true,"href":"https:\/\/blogdorogeriogomes.com.br\/noticias\/wp-json\/wp\/v2\/users\/1"}],"replies":[{"embeddable":true,"href":"https:\/\/blogdorogeriogomes.com.br\/noticias\/wp-json\/wp\/v2\/comments?post=15196"}],"version-history":[{"count":1,"href":"https:\/\/blogdorogeriogomes.com.br\/noticias\/wp-json\/wp\/v2\/posts\/15196\/revisions"}],"predecessor-version":[{"id":15198,"href":"https:\/\/blogdorogeriogomes.com.br\/noticias\/wp-json\/wp\/v2\/posts\/15196\/revisions\/15198"}],"wp:featuredmedia":[{"embeddable":true,"href":"https:\/\/blogdorogeriogomes.com.br\/noticias\/wp-json\/wp\/v2\/media\/15197"}],"wp:attachment":[{"href":"https:\/\/blogdorogeriogomes.com.br\/noticias\/wp-json\/wp\/v2\/media?parent=15196"}],"wp:term":[{"taxonomy":"category","embeddable":true,"href":"https:\/\/blogdorogeriogomes.com.br\/noticias\/wp-json\/wp\/v2\/categories?post=15196"},{"taxonomy":"post_tag","embeddable":true,"href":"https:\/\/blogdorogeriogomes.com.br\/noticias\/wp-json\/wp\/v2\/tags?post=15196"}],"curies":[{"name":"wp","href":"https:\/\/api.w.org\/{rel}","templated":true}]}}