{"id":15199,"date":"2020-01-02T15:39:56","date_gmt":"2020-01-02T15:39:56","guid":{"rendered":"http:\/\/blogdorogeriogomes.com.br\/?p=15199"},"modified":"2020-01-03T15:31:56","modified_gmt":"2020-01-03T15:31:56","slug":"fortaleza-espera-matricular-cerca-de-20-mil-alunos-novatos-na-rede-municipal-em-2020","status":"publish","type":"post","link":"https:\/\/blogdorogeriogomes.com.br\/noticias\/2020\/01\/fortaleza-espera-matricular-cerca-de-20-mil-alunos-novatos-na-rede-municipal-em-2020\/","title":{"rendered":"Fortaleza espera matricular cerca de 20 mil alunos novatos na rede municipal em 2020"},"content":{"rendered":"\n<p>A Prefeitura de Fortaleza iniciou, nesta quinta-feira, dia 2 de janeiro, o per\u00edodo de matr\u00edculas para alunos novatos da Rede Municipal de Ensino. O prazo ser\u00e1 at\u00e9 quarta-feira, dia 8 de janeiro. Os pais ou respons\u00e1veis devem estar atentos \u00e0s datas do calend\u00e1rio para garantir a vaga dos seus filhos. <br>\nOs respons\u00e1veis devem procurar a escola mais pr\u00f3xima de sua resid\u00eancia e apresentar a seguinte documenta\u00e7\u00e3o: c\u00f3pia da certid\u00e3o de nascimento e CPF; documento de transfer\u00eancia; tr\u00eas fotos 3&#215;4; cart\u00e3o de identifica\u00e7\u00e3o social do respons\u00e1vel legal; comprovante de resid\u00eancia; c\u00f3pia do laudo ou avalia\u00e7\u00e3o pedag\u00f3gica das crian\u00e7as com defici\u00eancia; e cart\u00e3o de vacina\u00e7\u00e3o atualizado para Educa\u00e7\u00e3o Infantil, Ensino Fundamental e EJA.<br>\nA matr\u00edcula dos alunos veteranos na rede municipal ocorreu em dezembro passado. Os pais apenas confirmam a renova\u00e7\u00e3o da matr\u00edcula. Cerca de 193 mil alunos j\u00e1 est\u00e3o com as vagas asseguradas.<\/p>\n\n\n\n<figure class=\"wp-block-gallery columns-1 is-cropped wp-block-gallery-1 is-layout-flex wp-block-gallery-is-layout-flex\"><ul class=\"blocks-gallery-grid\"><li class=\"blocks-gallery-item\"><figure><img loading=\"lazy\" decoding=\"async\" width=\"639\" height=\"480\" src=\"http:\/\/blogdorogeriogomes.com.br\/wp-content\/uploads\/2020\/01\/images-2020-01-02T123210.814.jpeg\" alt=\"\" data-id=\"15200\" data-full-url=\"http:\/\/blogdorogeriogomes.com.br\/wp-content\/uploads\/2020\/01\/images-2020-01-02T123210.814.jpeg\" data-link=\"http:\/\/blogdorogeriogomes.com.br\/?attachment_id=15200\" class=\"wp-image-15200\" srcset=\"https:\/\/blogdorogeriogomes.com.br\/noticias\/wp-content\/uploads\/2020\/01\/images-2020-01-02T123210.814.jpeg 639w, https:\/\/blogdorogeriogomes.com.br\/noticias\/wp-content\/uploads\/2020\/01\/images-2020-01-02T123210.814-300x225.jpeg 300w, https:\/\/blogdorogeriogomes.com.br\/noticias\/wp-content\/uploads\/2020\/01\/images-2020-01-02T123210.814-400x300.jpeg 400w\" sizes=\"auto, (max-width: 639px) 100vw, 639px\" \/><\/figure><\/li><\/ul><\/figure>\n","protected":false},"excerpt":{"rendered":"<p>A Prefeitura de Fortaleza iniciou, nesta quinta-feira, dia 2 de janeiro, o per\u00edodo de matr\u00edculas para alunos novatos da Rede Municipal de Ensino. O prazo ser\u00e1 at\u00e9 quarta-feira, dia 8 de janeiro. Os pais ou respons\u00e1veis devem estar atentos \u00e0s datas do calend\u00e1rio para garantir a vaga dos seus filhos. Os respons\u00e1veis devem procurar a escola mais pr\u00f3xima de sua resid\u00eancia e apresentar a seguinte documenta\u00e7\u00e3o: c\u00f3pia da certid\u00e3o de nascimento e CPF; documento de transfer\u00eancia; tr\u00eas fotos 3&#215;4;&hellip;<\/p>\n","protected":false},"author":1,"featured_media":15200,"comment_status":"open","ping_status":"open","sticky":false,"template":"","format":"standard","meta":{"footnotes":""},"categories":[1],"tags":[],"class_list":["post-15199","post","type-post","status-publish","format-standard","has-post-thumbnail","hentry","category-noticias"],"_links":{"self":[{"href":"https:\/\/blogdorogeriogomes.com.br\/noticias\/wp-json\/wp\/v2\/posts\/15199","targetHints":{"allow":["GET"]}}],"collection":[{"href":"https:\/\/blogdorogeriogomes.com.br\/noticias\/wp-json\/wp\/v2\/posts"}],"about":[{"href":"https:\/\/blogdorogeriogomes.com.br\/noticias\/wp-json\/wp\/v2\/types\/post"}],"author":[{"embeddable":true,"href":"https:\/\/blogdorogeriogomes.com.br\/noticias\/wp-json\/wp\/v2\/users\/1"}],"replies":[{"embeddable":true,"href":"https:\/\/blogdorogeriogomes.com.br\/noticias\/wp-json\/wp\/v2\/comments?post=15199"}],"version-history":[{"count":1,"href":"https:\/\/blogdorogeriogomes.com.br\/noticias\/wp-json\/wp\/v2\/posts\/15199\/revisions"}],"predecessor-version":[{"id":15201,"href":"https:\/\/blogdorogeriogomes.com.br\/noticias\/wp-json\/wp\/v2\/posts\/15199\/revisions\/15201"}],"wp:featuredmedia":[{"embeddable":true,"href":"https:\/\/blogdorogeriogomes.com.br\/noticias\/wp-json\/wp\/v2\/media\/15200"}],"wp:attachment":[{"href":"https:\/\/blogdorogeriogomes.com.br\/noticias\/wp-json\/wp\/v2\/media?parent=15199"}],"wp:term":[{"taxonomy":"category","embeddable":true,"href":"https:\/\/blogdorogeriogomes.com.br\/noticias\/wp-json\/wp\/v2\/categories?post=15199"},{"taxonomy":"post_tag","embeddable":true,"href":"https:\/\/blogdorogeriogomes.com.br\/noticias\/wp-json\/wp\/v2\/tags?post=15199"}],"curies":[{"name":"wp","href":"https:\/\/api.w.org\/{rel}","templated":true}]}}