{"id":15205,"date":"2020-01-03T09:12:06","date_gmt":"2020-01-03T09:12:06","guid":{"rendered":"http:\/\/blogdorogeriogomes.com.br\/?p=15205"},"modified":"2020-01-03T15:31:33","modified_gmt":"2020-01-03T15:31:33","slug":"morte-de-general-iraniano-eleva-tensao-internacional-com-os-estados-unidos","status":"publish","type":"post","link":"https:\/\/blogdorogeriogomes.com.br\/noticias\/2020\/01\/morte-de-general-iraniano-eleva-tensao-internacional-com-os-estados-unidos\/","title":{"rendered":"Morte de general iraniano eleva tens\u00e3o internacional com os Estados Unidos"},"content":{"rendered":"\n<p>Um ataque realizado pelos Estados Unidos contra um aeroporto de Bagd\u00e1, capital do Iraque, na noite desta quinta-feira, dia 2 de janeiro, matou o general Qassim Suleimani, principal comandante militar do Ir\u00e3 e o l\u00edder de uma mil\u00edcia local pr\u00f3-Teer\u00e3.<br>\nO bombardeio foi operacionalizado por um drone e a a\u00e7\u00e3o autorizada pessoalmente pelo presidente dos Estados Unidos, Donald Trump. O governo iraniano convocou uma reuni\u00e3o de emerg\u00eancia de sua c\u00fapula de seguran\u00e7a para debater uma resposta ao ataque.<br>\nEspecialistas em pol\u00edtica internacional avaliam que a tens\u00e3o entre Teer\u00e3 e Washington atingiu n\u00edvel m\u00e1ximo, o maior em pelo menos 10 anos. O Ir\u00e3 j\u00e1 prometeu duras retalia\u00e7\u00f5es contra os Estados Unidos. Agora, \u00e9 aguardar.<\/p>\n\n\n\n<figure class=\"wp-block-gallery columns-1 is-cropped wp-block-gallery-1 is-layout-flex wp-block-gallery-is-layout-flex\"><ul class=\"blocks-gallery-grid\"><li class=\"blocks-gallery-item\"><figure><img loading=\"lazy\" decoding=\"async\" width=\"715\" height=\"429\" src=\"http:\/\/blogdorogeriogomes.com.br\/wp-content\/uploads\/2020\/01\/images-2020-01-03T060544.834.jpeg\" alt=\"\" data-id=\"15206\" data-full-url=\"http:\/\/blogdorogeriogomes.com.br\/wp-content\/uploads\/2020\/01\/images-2020-01-03T060544.834.jpeg\" data-link=\"http:\/\/blogdorogeriogomes.com.br\/?attachment_id=15206\" class=\"wp-image-15206\" srcset=\"https:\/\/blogdorogeriogomes.com.br\/noticias\/wp-content\/uploads\/2020\/01\/images-2020-01-03T060544.834.jpeg 715w, https:\/\/blogdorogeriogomes.com.br\/noticias\/wp-content\/uploads\/2020\/01\/images-2020-01-03T060544.834-300x180.jpeg 300w\" sizes=\"auto, (max-width: 715px) 100vw, 715px\" \/><\/figure><\/li><\/ul><\/figure>\n","protected":false},"excerpt":{"rendered":"<p>Um ataque realizado pelos Estados Unidos contra um aeroporto de Bagd\u00e1, capital do Iraque, na noite desta quinta-feira, dia 2 de janeiro, matou o general Qassim Suleimani, principal comandante militar do Ir\u00e3 e o l\u00edder de uma mil\u00edcia local pr\u00f3-Teer\u00e3. O bombardeio foi operacionalizado por um drone e a a\u00e7\u00e3o autorizada pessoalmente pelo presidente dos Estados Unidos, Donald Trump. O governo iraniano convocou uma reuni\u00e3o de emerg\u00eancia de sua c\u00fapula de seguran\u00e7a para debater uma resposta ao ataque. Especialistas&hellip;<\/p>\n","protected":false},"author":1,"featured_media":15206,"comment_status":"open","ping_status":"open","sticky":false,"template":"","format":"standard","meta":{"footnotes":""},"categories":[1],"tags":[],"class_list":["post-15205","post","type-post","status-publish","format-standard","has-post-thumbnail","hentry","category-noticias"],"_links":{"self":[{"href":"https:\/\/blogdorogeriogomes.com.br\/noticias\/wp-json\/wp\/v2\/posts\/15205","targetHints":{"allow":["GET"]}}],"collection":[{"href":"https:\/\/blogdorogeriogomes.com.br\/noticias\/wp-json\/wp\/v2\/posts"}],"about":[{"href":"https:\/\/blogdorogeriogomes.com.br\/noticias\/wp-json\/wp\/v2\/types\/post"}],"author":[{"embeddable":true,"href":"https:\/\/blogdorogeriogomes.com.br\/noticias\/wp-json\/wp\/v2\/users\/1"}],"replies":[{"embeddable":true,"href":"https:\/\/blogdorogeriogomes.com.br\/noticias\/wp-json\/wp\/v2\/comments?post=15205"}],"version-history":[{"count":1,"href":"https:\/\/blogdorogeriogomes.com.br\/noticias\/wp-json\/wp\/v2\/posts\/15205\/revisions"}],"predecessor-version":[{"id":15207,"href":"https:\/\/blogdorogeriogomes.com.br\/noticias\/wp-json\/wp\/v2\/posts\/15205\/revisions\/15207"}],"wp:featuredmedia":[{"embeddable":true,"href":"https:\/\/blogdorogeriogomes.com.br\/noticias\/wp-json\/wp\/v2\/media\/15206"}],"wp:attachment":[{"href":"https:\/\/blogdorogeriogomes.com.br\/noticias\/wp-json\/wp\/v2\/media?parent=15205"}],"wp:term":[{"taxonomy":"category","embeddable":true,"href":"https:\/\/blogdorogeriogomes.com.br\/noticias\/wp-json\/wp\/v2\/categories?post=15205"},{"taxonomy":"post_tag","embeddable":true,"href":"https:\/\/blogdorogeriogomes.com.br\/noticias\/wp-json\/wp\/v2\/tags?post=15205"}],"curies":[{"name":"wp","href":"https:\/\/api.w.org\/{rel}","templated":true}]}}