{"id":15211,"date":"2020-01-03T22:21:04","date_gmt":"2020-01-03T22:21:04","guid":{"rendered":"http:\/\/blogdorogeriogomes.com.br\/?p=15211"},"modified":"2020-01-06T09:35:12","modified_gmt":"2020-01-06T09:35:12","slug":"prefeitura-anuncia-pacote-de-obras-de-urbanizacao-de-pracas-parques-e-lagoas-na-capital","status":"publish","type":"post","link":"https:\/\/blogdorogeriogomes.com.br\/noticias\/2020\/01\/prefeitura-anuncia-pacote-de-obras-de-urbanizacao-de-pracas-parques-e-lagoas-na-capital\/","title":{"rendered":"Prefeitura anuncia pacote de obras de urbaniza\u00e7\u00e3o de pra\u00e7as, parques e lagoas na Capital"},"content":{"rendered":"\n<p>A Prefeitura de Fortaleza anunciou, nesta sexta-feira, dia 3 de janeiro, um pacote de obras de urbaniza\u00e7\u00e3o e revitaliza\u00e7\u00e3o de lagoas e parques urbanos da Cidade de Fortaleza. Ao todo, ser\u00e3o investidos mais de R$ 40 milh\u00f5es em quatro projetos: Lagoa da Vi\u00fava, no grande Bom Jardim; Parque Passar\u00e9, \u00e1rea pertencente ao Zool\u00f3gico Municipal Sargento Prata; Nova Cidade da Crian\u00e7a (foto) e Pra\u00e7a do Sagrado Cora\u00e7\u00e3o de Jesus, no Centro; e projeto Beira-Rio, na margem do Rio Cear\u00e1.<br>\nDe acordo com o Executivo Municipal, todas as obras j\u00e1 est\u00e3o sendo licitadas e, at\u00e9 abril, tudo deve ser conclu\u00eddo e as obras iniciadas.<\/p>\n\n\n\n<figure class=\"wp-block-gallery columns-1 is-cropped wp-block-gallery-1 is-layout-flex wp-block-gallery-is-layout-flex\"><ul class=\"blocks-gallery-grid\"><li class=\"blocks-gallery-item\"><figure><img loading=\"lazy\" decoding=\"async\" width=\"680\" height=\"451\" src=\"http:\/\/blogdorogeriogomes.com.br\/wp-content\/uploads\/2020\/01\/images-2020-01-03T190121.549.jpeg\" alt=\"\" data-id=\"15212\" data-full-url=\"http:\/\/blogdorogeriogomes.com.br\/wp-content\/uploads\/2020\/01\/images-2020-01-03T190121.549.jpeg\" data-link=\"http:\/\/blogdorogeriogomes.com.br\/?attachment_id=15212\" class=\"wp-image-15212\" srcset=\"https:\/\/blogdorogeriogomes.com.br\/noticias\/wp-content\/uploads\/2020\/01\/images-2020-01-03T190121.549.jpeg 680w, https:\/\/blogdorogeriogomes.com.br\/noticias\/wp-content\/uploads\/2020\/01\/images-2020-01-03T190121.549-300x199.jpeg 300w\" sizes=\"auto, (max-width: 680px) 100vw, 680px\" \/><\/figure><\/li><\/ul><\/figure>\n","protected":false},"excerpt":{"rendered":"<p>A Prefeitura de Fortaleza anunciou, nesta sexta-feira, dia 3 de janeiro, um pacote de obras de urbaniza\u00e7\u00e3o e revitaliza\u00e7\u00e3o de lagoas e parques urbanos da Cidade de Fortaleza. Ao todo, ser\u00e3o investidos mais de R$ 40 milh\u00f5es em quatro projetos: Lagoa da Vi\u00fava, no grande Bom Jardim; Parque Passar\u00e9, \u00e1rea pertencente ao Zool\u00f3gico Municipal Sargento Prata; Nova Cidade da Crian\u00e7a (foto) e Pra\u00e7a do Sagrado Cora\u00e7\u00e3o de Jesus, no Centro; e projeto Beira-Rio, na margem do Rio Cear\u00e1. De&hellip;<\/p>\n","protected":false},"author":1,"featured_media":15212,"comment_status":"open","ping_status":"open","sticky":false,"template":"","format":"standard","meta":{"footnotes":""},"categories":[1],"tags":[],"class_list":["post-15211","post","type-post","status-publish","format-standard","has-post-thumbnail","hentry","category-noticias"],"_links":{"self":[{"href":"https:\/\/blogdorogeriogomes.com.br\/noticias\/wp-json\/wp\/v2\/posts\/15211","targetHints":{"allow":["GET"]}}],"collection":[{"href":"https:\/\/blogdorogeriogomes.com.br\/noticias\/wp-json\/wp\/v2\/posts"}],"about":[{"href":"https:\/\/blogdorogeriogomes.com.br\/noticias\/wp-json\/wp\/v2\/types\/post"}],"author":[{"embeddable":true,"href":"https:\/\/blogdorogeriogomes.com.br\/noticias\/wp-json\/wp\/v2\/users\/1"}],"replies":[{"embeddable":true,"href":"https:\/\/blogdorogeriogomes.com.br\/noticias\/wp-json\/wp\/v2\/comments?post=15211"}],"version-history":[{"count":1,"href":"https:\/\/blogdorogeriogomes.com.br\/noticias\/wp-json\/wp\/v2\/posts\/15211\/revisions"}],"predecessor-version":[{"id":15213,"href":"https:\/\/blogdorogeriogomes.com.br\/noticias\/wp-json\/wp\/v2\/posts\/15211\/revisions\/15213"}],"wp:featuredmedia":[{"embeddable":true,"href":"https:\/\/blogdorogeriogomes.com.br\/noticias\/wp-json\/wp\/v2\/media\/15212"}],"wp:attachment":[{"href":"https:\/\/blogdorogeriogomes.com.br\/noticias\/wp-json\/wp\/v2\/media?parent=15211"}],"wp:term":[{"taxonomy":"category","embeddable":true,"href":"https:\/\/blogdorogeriogomes.com.br\/noticias\/wp-json\/wp\/v2\/categories?post=15211"},{"taxonomy":"post_tag","embeddable":true,"href":"https:\/\/blogdorogeriogomes.com.br\/noticias\/wp-json\/wp\/v2\/tags?post=15211"}],"curies":[{"name":"wp","href":"https:\/\/api.w.org\/{rel}","templated":true}]}}