{"id":15220,"date":"2020-01-06T09:00:57","date_gmt":"2020-01-06T09:00:57","guid":{"rendered":"http:\/\/blogdorogeriogomes.com.br\/?p=15220"},"modified":"2020-01-06T09:34:22","modified_gmt":"2020-01-06T09:34:22","slug":"seduc-inicia-matricula-de-alunos-novatos-na-rede-estadual-de-ensino-no-interior","status":"publish","type":"post","link":"https:\/\/blogdorogeriogomes.com.br\/noticias\/2020\/01\/seduc-inicia-matricula-de-alunos-novatos-na-rede-estadual-de-ensino-no-interior\/","title":{"rendered":"Seduc inicia matr\u00edcula de alunos novatos na rede estadual de ensino no interior"},"content":{"rendered":"\n<p>A Secretaria da Educa\u00e7\u00e3o (Seduc) inicia, nesta segunda-feira, dia 6 de janeiro, a matr\u00edcula do ano letivo 2020 para estudantes novatos nos munic\u00edpios do interior do Cear\u00e1. Em Fortaleza, houve uma mudan\u00e7a no cronograma. A medida foi necess\u00e1ria devido a uma adequa\u00e7\u00e3o do sistema, motivada por uma quest\u00e3o t\u00e9cnica. Desta forma, as unidades de ensino situadas em Fortaleza ir\u00e3o receber matr\u00edculas de novos estudantes a partir do pr\u00f3ximo dia 13 de janeiro (segunda-feira).<br>\nEsta etapa do per\u00edodo de matr\u00edcula \u00e9 destinada aos alunos oriundos da rede particular, de outros estados e estudantes que abandonaram a escola e desejam retomar os estudos em uma unidade de ensino da rede p\u00fablica estadual.<\/p>\n\n\n\n<figure class=\"wp-block-gallery columns-1 is-cropped wp-block-gallery-1 is-layout-flex wp-block-gallery-is-layout-flex\"><ul class=\"blocks-gallery-grid\"><li class=\"blocks-gallery-item\"><figure><img loading=\"lazy\" decoding=\"async\" width=\"1024\" height=\"683\" src=\"http:\/\/blogdorogeriogomes.com.br\/wp-content\/uploads\/2020\/01\/190517_AULA-EDUCACAO-FISCAL_TS5215-1-1200x800-1-1024x683.jpg\" alt=\"\" data-id=\"15221\" data-full-url=\"http:\/\/blogdorogeriogomes.com.br\/wp-content\/uploads\/2020\/01\/190517_AULA-EDUCACAO-FISCAL_TS5215-1-1200x800-1.jpg\" data-link=\"http:\/\/blogdorogeriogomes.com.br\/?attachment_id=15221\" class=\"wp-image-15221\" srcset=\"https:\/\/blogdorogeriogomes.com.br\/noticias\/wp-content\/uploads\/2020\/01\/190517_AULA-EDUCACAO-FISCAL_TS5215-1-1200x800-1-1024x683.jpg 1024w, https:\/\/blogdorogeriogomes.com.br\/noticias\/wp-content\/uploads\/2020\/01\/190517_AULA-EDUCACAO-FISCAL_TS5215-1-1200x800-1-300x200.jpg 300w, https:\/\/blogdorogeriogomes.com.br\/noticias\/wp-content\/uploads\/2020\/01\/190517_AULA-EDUCACAO-FISCAL_TS5215-1-1200x800-1-768x512.jpg 768w, https:\/\/blogdorogeriogomes.com.br\/noticias\/wp-content\/uploads\/2020\/01\/190517_AULA-EDUCACAO-FISCAL_TS5215-1-1200x800-1-800x533.jpg 800w, https:\/\/blogdorogeriogomes.com.br\/noticias\/wp-content\/uploads\/2020\/01\/190517_AULA-EDUCACAO-FISCAL_TS5215-1-1200x800-1.jpg 1200w\" sizes=\"auto, (max-width: 1024px) 100vw, 1024px\" \/><\/figure><\/li><\/ul><\/figure>\n","protected":false},"excerpt":{"rendered":"<p>A Secretaria da Educa\u00e7\u00e3o (Seduc) inicia, nesta segunda-feira, dia 6 de janeiro, a matr\u00edcula do ano letivo 2020 para estudantes novatos nos munic\u00edpios do interior do Cear\u00e1. Em Fortaleza, houve uma mudan\u00e7a no cronograma. A medida foi necess\u00e1ria devido a uma adequa\u00e7\u00e3o do sistema, motivada por uma quest\u00e3o t\u00e9cnica. Desta forma, as unidades de ensino situadas em Fortaleza ir\u00e3o receber matr\u00edculas de novos estudantes a partir do pr\u00f3ximo dia 13 de janeiro (segunda-feira). Esta etapa do per\u00edodo de matr\u00edcula&hellip;<\/p>\n","protected":false},"author":1,"featured_media":15221,"comment_status":"open","ping_status":"open","sticky":false,"template":"","format":"standard","meta":{"footnotes":""},"categories":[1],"tags":[],"class_list":["post-15220","post","type-post","status-publish","format-standard","has-post-thumbnail","hentry","category-noticias"],"_links":{"self":[{"href":"https:\/\/blogdorogeriogomes.com.br\/noticias\/wp-json\/wp\/v2\/posts\/15220","targetHints":{"allow":["GET"]}}],"collection":[{"href":"https:\/\/blogdorogeriogomes.com.br\/noticias\/wp-json\/wp\/v2\/posts"}],"about":[{"href":"https:\/\/blogdorogeriogomes.com.br\/noticias\/wp-json\/wp\/v2\/types\/post"}],"author":[{"embeddable":true,"href":"https:\/\/blogdorogeriogomes.com.br\/noticias\/wp-json\/wp\/v2\/users\/1"}],"replies":[{"embeddable":true,"href":"https:\/\/blogdorogeriogomes.com.br\/noticias\/wp-json\/wp\/v2\/comments?post=15220"}],"version-history":[{"count":1,"href":"https:\/\/blogdorogeriogomes.com.br\/noticias\/wp-json\/wp\/v2\/posts\/15220\/revisions"}],"predecessor-version":[{"id":15222,"href":"https:\/\/blogdorogeriogomes.com.br\/noticias\/wp-json\/wp\/v2\/posts\/15220\/revisions\/15222"}],"wp:featuredmedia":[{"embeddable":true,"href":"https:\/\/blogdorogeriogomes.com.br\/noticias\/wp-json\/wp\/v2\/media\/15221"}],"wp:attachment":[{"href":"https:\/\/blogdorogeriogomes.com.br\/noticias\/wp-json\/wp\/v2\/media?parent=15220"}],"wp:term":[{"taxonomy":"category","embeddable":true,"href":"https:\/\/blogdorogeriogomes.com.br\/noticias\/wp-json\/wp\/v2\/categories?post=15220"},{"taxonomy":"post_tag","embeddable":true,"href":"https:\/\/blogdorogeriogomes.com.br\/noticias\/wp-json\/wp\/v2\/tags?post=15220"}],"curies":[{"name":"wp","href":"https:\/\/api.w.org\/{rel}","templated":true}]}}