{"id":15223,"date":"2020-01-06T09:19:10","date_gmt":"2020-01-06T09:19:10","guid":{"rendered":"http:\/\/blogdorogeriogomes.com.br\/?p=15223"},"modified":"2020-01-06T09:34:05","modified_gmt":"2020-01-06T09:34:05","slug":"prefeitos-cearenses-discutem-na-aprece-novo-modelo-de-selecao-publica-nos-consorcios-de-saude","status":"publish","type":"post","link":"https:\/\/blogdorogeriogomes.com.br\/noticias\/2020\/01\/prefeitos-cearenses-discutem-na-aprece-novo-modelo-de-selecao-publica-nos-consorcios-de-saude\/","title":{"rendered":"Prefeitos cearenses discutem na Aprece novo modelo de sele\u00e7\u00e3o p\u00fablica nos cons\u00f3rcios de sa\u00fade"},"content":{"rendered":"\n<p>Prefeitos do interior do Cear\u00e1, que administram os cons\u00f3rcios de sa\u00fade e s\u00e3o respons\u00e1veis pelas Policl\u00ednicas e Centro de Especialidades Odontol\u00f3gicas (CEO), se re\u00fanem nesta segunda-feira, dia 6 de janeiro, com o presidente da Associa\u00e7\u00e3o dos Munic\u00edpios do Cear\u00e1 (Aprece), Nilson Diniz, para discutir medidas em rela\u00e7\u00e3o ao decreto do governador Camilo Santana no fim de 2019, que permitiu a abertura de sele\u00e7\u00e3o p\u00fablica para os cargos. A medida provoca rea\u00e7\u00f5es entre prefeitos, que n\u00e3o querem perder as indica\u00e7\u00f5es pol\u00edticas no interior.<br>\nDe acordo com os novos crit\u00e9rios de escolha, a Secretaria de Sa\u00fade do Estado abriu sele\u00e7\u00e3o p\u00fablica para os cargos de secret\u00e1rio executivo, diretor administrativo-financeiro, diretor geral de policl\u00ednica e diretor geral de CEO. S\u00e3o 258 vagas (efetivas e de cadastro de reserva), com sal\u00e1rios de R$ 12 mil a R$ 15 mil.<\/p>\n\n\n\n<figure class=\"wp-block-gallery columns-1 is-cropped wp-block-gallery-1 is-layout-flex wp-block-gallery-is-layout-flex\"><ul class=\"blocks-gallery-grid\"><li class=\"blocks-gallery-item\"><figure><img loading=\"lazy\" decoding=\"async\" width=\"555\" height=\"274\" src=\"http:\/\/blogdorogeriogomes.com.br\/wp-content\/uploads\/2020\/01\/images-2020-01-06T060626.100.jpeg\" alt=\"\" data-id=\"15224\" data-full-url=\"http:\/\/blogdorogeriogomes.com.br\/wp-content\/uploads\/2020\/01\/images-2020-01-06T060626.100.jpeg\" data-link=\"http:\/\/blogdorogeriogomes.com.br\/?attachment_id=15224\" class=\"wp-image-15224\" srcset=\"https:\/\/blogdorogeriogomes.com.br\/noticias\/wp-content\/uploads\/2020\/01\/images-2020-01-06T060626.100.jpeg 555w, https:\/\/blogdorogeriogomes.com.br\/noticias\/wp-content\/uploads\/2020\/01\/images-2020-01-06T060626.100-300x148.jpeg 300w\" sizes=\"auto, (max-width: 555px) 100vw, 555px\" \/><\/figure><\/li><\/ul><\/figure>\n","protected":false},"excerpt":{"rendered":"<p>Prefeitos do interior do Cear\u00e1, que administram os cons\u00f3rcios de sa\u00fade e s\u00e3o respons\u00e1veis pelas Policl\u00ednicas e Centro de Especialidades Odontol\u00f3gicas (CEO), se re\u00fanem nesta segunda-feira, dia 6 de janeiro, com o presidente da Associa\u00e7\u00e3o dos Munic\u00edpios do Cear\u00e1 (Aprece), Nilson Diniz, para discutir medidas em rela\u00e7\u00e3o ao decreto do governador Camilo Santana no fim de 2019, que permitiu a abertura de sele\u00e7\u00e3o p\u00fablica para os cargos. A medida provoca rea\u00e7\u00f5es entre prefeitos, que n\u00e3o querem perder as indica\u00e7\u00f5es&hellip;<\/p>\n","protected":false},"author":1,"featured_media":15224,"comment_status":"open","ping_status":"open","sticky":false,"template":"","format":"standard","meta":{"footnotes":""},"categories":[1],"tags":[],"class_list":["post-15223","post","type-post","status-publish","format-standard","has-post-thumbnail","hentry","category-noticias"],"_links":{"self":[{"href":"https:\/\/blogdorogeriogomes.com.br\/noticias\/wp-json\/wp\/v2\/posts\/15223","targetHints":{"allow":["GET"]}}],"collection":[{"href":"https:\/\/blogdorogeriogomes.com.br\/noticias\/wp-json\/wp\/v2\/posts"}],"about":[{"href":"https:\/\/blogdorogeriogomes.com.br\/noticias\/wp-json\/wp\/v2\/types\/post"}],"author":[{"embeddable":true,"href":"https:\/\/blogdorogeriogomes.com.br\/noticias\/wp-json\/wp\/v2\/users\/1"}],"replies":[{"embeddable":true,"href":"https:\/\/blogdorogeriogomes.com.br\/noticias\/wp-json\/wp\/v2\/comments?post=15223"}],"version-history":[{"count":1,"href":"https:\/\/blogdorogeriogomes.com.br\/noticias\/wp-json\/wp\/v2\/posts\/15223\/revisions"}],"predecessor-version":[{"id":15225,"href":"https:\/\/blogdorogeriogomes.com.br\/noticias\/wp-json\/wp\/v2\/posts\/15223\/revisions\/15225"}],"wp:featuredmedia":[{"embeddable":true,"href":"https:\/\/blogdorogeriogomes.com.br\/noticias\/wp-json\/wp\/v2\/media\/15224"}],"wp:attachment":[{"href":"https:\/\/blogdorogeriogomes.com.br\/noticias\/wp-json\/wp\/v2\/media?parent=15223"}],"wp:term":[{"taxonomy":"category","embeddable":true,"href":"https:\/\/blogdorogeriogomes.com.br\/noticias\/wp-json\/wp\/v2\/categories?post=15223"},{"taxonomy":"post_tag","embeddable":true,"href":"https:\/\/blogdorogeriogomes.com.br\/noticias\/wp-json\/wp\/v2\/tags?post=15223"}],"curies":[{"name":"wp","href":"https:\/\/api.w.org\/{rel}","templated":true}]}}