{"id":15226,"date":"2020-01-06T18:47:38","date_gmt":"2020-01-06T18:47:38","guid":{"rendered":"http:\/\/blogdorogeriogomes.com.br\/?p=15226"},"modified":"2020-01-06T22:23:40","modified_gmt":"2020-01-06T22:23:40","slug":"camilo-santana-e-dr-cabeto-visitam-obras-do-hospital-regional-do-vale-do-jaguaribe","status":"publish","type":"post","link":"https:\/\/blogdorogeriogomes.com.br\/noticias\/2020\/01\/camilo-santana-e-dr-cabeto-visitam-obras-do-hospital-regional-do-vale-do-jaguaribe\/","title":{"rendered":"Camilo Santana e Dr. Cabeto visitam obras do Hospital Regional do Vale do Jaguaribe"},"content":{"rendered":"\n<p>O governador Camilo Santana e o secret\u00e1rio de Sa\u00fade do Cear\u00e1, Dr. Cabeto, visitaram as obras Hospital Regional do Vale do Jaguaribe, nesta segunda-feira, dia 6 de janeiro, e estimam a inaugura\u00e7\u00e3o do equipamento para o segundo semestre de 2020. &#8220;A construtora nos deu a previs\u00e3o de entregar at\u00e9 julho. J\u00e1 estamos licitando os equipamentos para montar o hospital, que \u00e9 quase o pre\u00e7o da obra&#8221;, apontou Camilo Santana.<br>\nAt\u00e9 o meio deste ano, de acordo com o governador, a Secretaria da Sa\u00fade do Cear\u00e1 estar\u00e1 fazendo a sele\u00e7\u00e3o das pessoas que ir\u00e3o trabalhar no Hospital Regional do Vale do Jaguaribe. &#8220;Ent\u00e3o a previs\u00e3o \u00e9 que, recebendo a estrutura f\u00edsica do hospital em julho, iniciaremos a instala\u00e7\u00e3o dos equipamentos e at\u00e9 o final do ano colocaremos para funcionar&#8221;.<br>\nQuando for inaugurado, o novo Hospital Regional ter\u00e1 304 leitos, dos quais 236 de interna\u00e7\u00e3o e 68 de apoio, e contar\u00e1 com 20 especialidades m\u00e9dicas e seis salas de centro cir\u00fargico. Acompanhado de prefeitos e lideran\u00e7as pol\u00edticas da regi\u00e3o, o governador percorreu todos os corredores do hospital verificando o andamento da constru\u00e7\u00e3o.<br>\nO equipamento dar\u00e1 cobertura \u00e0 popula\u00e7\u00e3o de 532,3 mil habitantes dos 20 munic\u00edpios da 5\u00aa Macrorregi\u00e3o de Sa\u00fade do Cear\u00e1.<\/p>\n\n\n\n<figure class=\"wp-block-gallery columns-1 is-cropped wp-block-gallery-1 is-layout-flex wp-block-gallery-is-layout-flex\"><ul class=\"blocks-gallery-grid\"><li class=\"blocks-gallery-item\"><figure><img loading=\"lazy\" decoding=\"async\" width=\"1024\" height=\"756\" src=\"http:\/\/blogdorogeriogomes.com.br\/wp-content\/uploads\/2020\/01\/IMG_20200106_153049_238-1024x756.jpg\" alt=\"\" data-id=\"15227\" data-full-url=\"http:\/\/blogdorogeriogomes.com.br\/wp-content\/uploads\/2020\/01\/IMG_20200106_153049_238.jpg\" data-link=\"http:\/\/blogdorogeriogomes.com.br\/?attachment_id=15227\" class=\"wp-image-15227\" srcset=\"https:\/\/blogdorogeriogomes.com.br\/noticias\/wp-content\/uploads\/2020\/01\/IMG_20200106_153049_238-1024x756.jpg 1024w, https:\/\/blogdorogeriogomes.com.br\/noticias\/wp-content\/uploads\/2020\/01\/IMG_20200106_153049_238-300x221.jpg 300w, https:\/\/blogdorogeriogomes.com.br\/noticias\/wp-content\/uploads\/2020\/01\/IMG_20200106_153049_238-768x567.jpg 768w, https:\/\/blogdorogeriogomes.com.br\/noticias\/wp-content\/uploads\/2020\/01\/IMG_20200106_153049_238-800x590.jpg 800w, https:\/\/blogdorogeriogomes.com.br\/noticias\/wp-content\/uploads\/2020\/01\/IMG_20200106_153049_238.jpg 1156w\" sizes=\"auto, (max-width: 1024px) 100vw, 1024px\" \/><\/figure><\/li><\/ul><\/figure>\n","protected":false},"excerpt":{"rendered":"<p>O governador Camilo Santana e o secret\u00e1rio de Sa\u00fade do Cear\u00e1, Dr. Cabeto, visitaram as obras Hospital Regional do Vale do Jaguaribe, nesta segunda-feira, dia 6 de janeiro, e estimam a inaugura\u00e7\u00e3o do equipamento para o segundo semestre de 2020. &#8220;A construtora nos deu a previs\u00e3o de entregar at\u00e9 julho. J\u00e1 estamos licitando os equipamentos para montar o hospital, que \u00e9 quase o pre\u00e7o da obra&#8221;, apontou Camilo Santana. At\u00e9 o meio deste ano, de acordo com o governador,&hellip;<\/p>\n","protected":false},"author":1,"featured_media":15227,"comment_status":"open","ping_status":"open","sticky":false,"template":"","format":"standard","meta":{"footnotes":""},"categories":[1],"tags":[],"class_list":["post-15226","post","type-post","status-publish","format-standard","has-post-thumbnail","hentry","category-noticias"],"_links":{"self":[{"href":"https:\/\/blogdorogeriogomes.com.br\/noticias\/wp-json\/wp\/v2\/posts\/15226","targetHints":{"allow":["GET"]}}],"collection":[{"href":"https:\/\/blogdorogeriogomes.com.br\/noticias\/wp-json\/wp\/v2\/posts"}],"about":[{"href":"https:\/\/blogdorogeriogomes.com.br\/noticias\/wp-json\/wp\/v2\/types\/post"}],"author":[{"embeddable":true,"href":"https:\/\/blogdorogeriogomes.com.br\/noticias\/wp-json\/wp\/v2\/users\/1"}],"replies":[{"embeddable":true,"href":"https:\/\/blogdorogeriogomes.com.br\/noticias\/wp-json\/wp\/v2\/comments?post=15226"}],"version-history":[{"count":1,"href":"https:\/\/blogdorogeriogomes.com.br\/noticias\/wp-json\/wp\/v2\/posts\/15226\/revisions"}],"predecessor-version":[{"id":15228,"href":"https:\/\/blogdorogeriogomes.com.br\/noticias\/wp-json\/wp\/v2\/posts\/15226\/revisions\/15228"}],"wp:featuredmedia":[{"embeddable":true,"href":"https:\/\/blogdorogeriogomes.com.br\/noticias\/wp-json\/wp\/v2\/media\/15227"}],"wp:attachment":[{"href":"https:\/\/blogdorogeriogomes.com.br\/noticias\/wp-json\/wp\/v2\/media?parent=15226"}],"wp:term":[{"taxonomy":"category","embeddable":true,"href":"https:\/\/blogdorogeriogomes.com.br\/noticias\/wp-json\/wp\/v2\/categories?post=15226"},{"taxonomy":"post_tag","embeddable":true,"href":"https:\/\/blogdorogeriogomes.com.br\/noticias\/wp-json\/wp\/v2\/tags?post=15226"}],"curies":[{"name":"wp","href":"https:\/\/api.w.org\/{rel}","templated":true}]}}