{"id":15229,"date":"2020-01-06T22:21:36","date_gmt":"2020-01-06T22:21:36","guid":{"rendered":"http:\/\/blogdorogeriogomes.com.br\/?p=15229"},"modified":"2020-01-06T22:23:31","modified_gmt":"2020-01-06T22:23:31","slug":"bolsonaro-desiste-de-ir-ao-forum-de-davos-e-volta-a-atacar-a-imprensa-na-saida-do-alvorada","status":"publish","type":"post","link":"https:\/\/blogdorogeriogomes.com.br\/noticias\/2020\/01\/bolsonaro-desiste-de-ir-ao-forum-de-davos-e-volta-a-atacar-a-imprensa-na-saida-do-alvorada\/","title":{"rendered":"Bolsonaro desiste de ir ao F\u00f3rum de Davos e volta a atacar a imprensa na sa\u00edda do Alvorada"},"content":{"rendered":"\n<p>A tens\u00e3o pol\u00edtica entre Ir\u00e3 e Estados Unidos deve atrapalhar planos do presidente Jair Bolsonaro de ir ao F\u00f3rum Econ\u00f4mico Mundial, em Davos, na Su\u00ed\u00e7a. O pr\u00f3prio Bolsonaro declarou, nesta segunda-feira, dia 6 de janeiro, a inten\u00e7\u00e3o de n\u00e3o ir mais ao evento por quest\u00e3o de seguran\u00e7a. O F\u00f3rum de Davos re\u00fane pol\u00edticos, investidores e personalidades da elite mundial. O F\u00f3rum Econ\u00f4mico est\u00e1 marcado para acontecer de 21 a 24 de janeiro.<br>\nNo final deste m\u00eas, Jair Bolsonaro tem uma viagem internacional marcada para a \u00cdndia que, por enquanto, est\u00e1 mantida na agenda presidencial.<br>\nEm tempo: nesta segunda-feira, o presidente Jair Bolsonaro voltou a atacar a imprensa, por causa de reportagens cr\u00edticas a seu governo. Ele declarou aos jornalistas na sa\u00edda do Pal\u00e1cio Alvorada, em Bras\u00edlia: \u201cVoc\u00eas s\u00e3o uma esp\u00e9cie em extin\u00e7\u00e3o. Eu acho que vou botar os jornalistas do Brasil vinculados ao Ibama (Instituto Brasileiro do Meio Ambiente)\u201d.<br>\nTalvez o presidente Bolsonaro avalie que as \u00fanicas \u201cinforma\u00e7\u00f5es corretas\u201d sobre o Governo devem ser as publicadas por ele e os filhos nas redes sociais. Ou, quem sabe, as dos seus seguidores que s\u00f3 apreciam \u201cum lado da hist\u00f3ria\u201d e os elogios gratuitos.<br>\nN\u00e3o custa lembrar que sem imprensa livre, n\u00e3o h\u00e1 democracia. \u00c9 fun\u00e7\u00e3o da imprensa fiscalizar as a\u00e7\u00f5es de gestores p\u00fablicos, n\u00e3o importa qual seja a esfera: federal, estadual ou municipal.<\/p>\n\n\n\n<figure class=\"wp-block-gallery columns-1 is-cropped wp-block-gallery-1 is-layout-flex wp-block-gallery-is-layout-flex\"><ul class=\"blocks-gallery-grid\"><li class=\"blocks-gallery-item\"><figure><img loading=\"lazy\" decoding=\"async\" width=\"679\" height=\"452\" src=\"http:\/\/blogdorogeriogomes.com.br\/wp-content\/uploads\/2020\/01\/IMG_20200106_191440_301.jpg\" alt=\"\" data-id=\"15230\" data-full-url=\"http:\/\/blogdorogeriogomes.com.br\/wp-content\/uploads\/2020\/01\/IMG_20200106_191440_301.jpg\" data-link=\"http:\/\/blogdorogeriogomes.com.br\/?attachment_id=15230\" class=\"wp-image-15230\" srcset=\"https:\/\/blogdorogeriogomes.com.br\/noticias\/wp-content\/uploads\/2020\/01\/IMG_20200106_191440_301.jpg 679w, https:\/\/blogdorogeriogomes.com.br\/noticias\/wp-content\/uploads\/2020\/01\/IMG_20200106_191440_301-300x200.jpg 300w\" sizes=\"auto, (max-width: 679px) 100vw, 679px\" \/><\/figure><\/li><\/ul><\/figure>\n","protected":false},"excerpt":{"rendered":"<p>A tens\u00e3o pol\u00edtica entre Ir\u00e3 e Estados Unidos deve atrapalhar planos do presidente Jair Bolsonaro de ir ao F\u00f3rum Econ\u00f4mico Mundial, em Davos, na Su\u00ed\u00e7a. O pr\u00f3prio Bolsonaro declarou, nesta segunda-feira, dia 6 de janeiro, a inten\u00e7\u00e3o de n\u00e3o ir mais ao evento por quest\u00e3o de seguran\u00e7a. O F\u00f3rum de Davos re\u00fane pol\u00edticos, investidores e personalidades da elite mundial. O F\u00f3rum Econ\u00f4mico est\u00e1 marcado para acontecer de 21 a 24 de janeiro. No final deste m\u00eas, Jair Bolsonaro tem&hellip;<\/p>\n","protected":false},"author":1,"featured_media":15230,"comment_status":"open","ping_status":"open","sticky":false,"template":"","format":"standard","meta":{"footnotes":""},"categories":[1],"tags":[],"class_list":["post-15229","post","type-post","status-publish","format-standard","has-post-thumbnail","hentry","category-noticias"],"_links":{"self":[{"href":"https:\/\/blogdorogeriogomes.com.br\/noticias\/wp-json\/wp\/v2\/posts\/15229","targetHints":{"allow":["GET"]}}],"collection":[{"href":"https:\/\/blogdorogeriogomes.com.br\/noticias\/wp-json\/wp\/v2\/posts"}],"about":[{"href":"https:\/\/blogdorogeriogomes.com.br\/noticias\/wp-json\/wp\/v2\/types\/post"}],"author":[{"embeddable":true,"href":"https:\/\/blogdorogeriogomes.com.br\/noticias\/wp-json\/wp\/v2\/users\/1"}],"replies":[{"embeddable":true,"href":"https:\/\/blogdorogeriogomes.com.br\/noticias\/wp-json\/wp\/v2\/comments?post=15229"}],"version-history":[{"count":1,"href":"https:\/\/blogdorogeriogomes.com.br\/noticias\/wp-json\/wp\/v2\/posts\/15229\/revisions"}],"predecessor-version":[{"id":15231,"href":"https:\/\/blogdorogeriogomes.com.br\/noticias\/wp-json\/wp\/v2\/posts\/15229\/revisions\/15231"}],"wp:featuredmedia":[{"embeddable":true,"href":"https:\/\/blogdorogeriogomes.com.br\/noticias\/wp-json\/wp\/v2\/media\/15230"}],"wp:attachment":[{"href":"https:\/\/blogdorogeriogomes.com.br\/noticias\/wp-json\/wp\/v2\/media?parent=15229"}],"wp:term":[{"taxonomy":"category","embeddable":true,"href":"https:\/\/blogdorogeriogomes.com.br\/noticias\/wp-json\/wp\/v2\/categories?post=15229"},{"taxonomy":"post_tag","embeddable":true,"href":"https:\/\/blogdorogeriogomes.com.br\/noticias\/wp-json\/wp\/v2\/tags?post=15229"}],"curies":[{"name":"wp","href":"https:\/\/api.w.org\/{rel}","templated":true}]}}