{"id":15232,"date":"2020-01-07T08:08:44","date_gmt":"2020-01-07T08:08:44","guid":{"rendered":"http:\/\/blogdorogeriogomes.com.br\/?p=15232"},"modified":"2020-01-08T10:09:30","modified_gmt":"2020-01-08T10:09:30","slug":"ira-pede-explicacoes-do-brasil-apos-nota-do-itamaraty-de-apoio-as-acoes-de-trump","status":"publish","type":"post","link":"https:\/\/blogdorogeriogomes.com.br\/noticias\/2020\/01\/ira-pede-explicacoes-do-brasil-apos-nota-do-itamaraty-de-apoio-as-acoes-de-trump\/","title":{"rendered":"Ir\u00e3 pede explica\u00e7\u00f5es do Brasil ap\u00f3s nota do Itamaraty de apoio \u00e0s a\u00e7\u00f5es de Trump"},"content":{"rendered":"\n<p>O Ir\u00e3 pediu explica\u00e7\u00f5es a representantes da diplomacia brasileira sobre o posicionamento do Pa\u00eds ap\u00f3s o ataque realizado pelos Estados Unidos no Iraque, que resultou na morte do general Qassem Soleimani, que era comandante da Guarda Revolucion\u00e1ria do Ir\u00e3. <br>\nA rea\u00e7\u00e3o do Ir\u00e3 veio em resposta a uma nota divulgada pelo Itamaraty, na \u00faltima sexta-feira, dia 3 de janeiro, que tem \u00e0 frente o ministro das Rela\u00e7\u00f5es Exteriores, Ernesto Ara\u00fajo (foto). No texto, sem mencionar a morte do general iraniano, o governo brasileiro manifestou apoio &#8220;\u00e0 luta contra o flagelo do terrorismo&#8221;. No mesmo dia, o presidente Bolsonaro disparou, na TV Bandeirantes, cr\u00edticas ao Ir\u00e3 e defendeu o presidente Donald Trump, presidente dos Estados Unidos.<br>\nAs alas militares do Governo ainda pediram cautela e insistiram que o Brasil se mantivesse neutro no caso, por avaliar rela\u00e7\u00f5es diplom\u00e1ticas e comerciais.<br>\nDuas consequ\u00eancias perigosas de o Brasil tomar partido neste conflito: atrair ataques terroristas para o seu pr\u00f3prio territ\u00f3rio e enfrentar s\u00e9rios preju\u00edzos na exporta\u00e7\u00e3o de produtos brasileiros com o Ir\u00e3, que hoje \u00e9 parceiro internacional.<\/p>\n\n\n\n<figure class=\"wp-block-gallery columns-1 is-cropped wp-block-gallery-1 is-layout-flex wp-block-gallery-is-layout-flex\"><ul class=\"blocks-gallery-grid\"><li class=\"blocks-gallery-item\"><figure><img loading=\"lazy\" decoding=\"async\" width=\"552\" height=\"415\" src=\"http:\/\/blogdorogeriogomes.com.br\/wp-content\/uploads\/2020\/01\/IMG_20200107_050400_663.jpg\" alt=\"\" data-id=\"15233\" data-full-url=\"http:\/\/blogdorogeriogomes.com.br\/wp-content\/uploads\/2020\/01\/IMG_20200107_050400_663.jpg\" data-link=\"http:\/\/blogdorogeriogomes.com.br\/?attachment_id=15233\" class=\"wp-image-15233\" srcset=\"https:\/\/blogdorogeriogomes.com.br\/noticias\/wp-content\/uploads\/2020\/01\/IMG_20200107_050400_663.jpg 552w, https:\/\/blogdorogeriogomes.com.br\/noticias\/wp-content\/uploads\/2020\/01\/IMG_20200107_050400_663-300x226.jpg 300w, https:\/\/blogdorogeriogomes.com.br\/noticias\/wp-content\/uploads\/2020\/01\/IMG_20200107_050400_663-400x300.jpg 400w\" sizes=\"auto, (max-width: 552px) 100vw, 552px\" \/><\/figure><\/li><\/ul><\/figure>\n","protected":false},"excerpt":{"rendered":"<p>O Ir\u00e3 pediu explica\u00e7\u00f5es a representantes da diplomacia brasileira sobre o posicionamento do Pa\u00eds ap\u00f3s o ataque realizado pelos Estados Unidos no Iraque, que resultou na morte do general Qassem Soleimani, que era comandante da Guarda Revolucion\u00e1ria do Ir\u00e3. A rea\u00e7\u00e3o do Ir\u00e3 veio em resposta a uma nota divulgada pelo Itamaraty, na \u00faltima sexta-feira, dia 3 de janeiro, que tem \u00e0 frente o ministro das Rela\u00e7\u00f5es Exteriores, Ernesto Ara\u00fajo (foto). No texto, sem mencionar a morte do general&hellip;<\/p>\n","protected":false},"author":1,"featured_media":15233,"comment_status":"open","ping_status":"open","sticky":false,"template":"","format":"standard","meta":{"footnotes":""},"categories":[1],"tags":[],"class_list":["post-15232","post","type-post","status-publish","format-standard","has-post-thumbnail","hentry","category-noticias"],"_links":{"self":[{"href":"https:\/\/blogdorogeriogomes.com.br\/noticias\/wp-json\/wp\/v2\/posts\/15232","targetHints":{"allow":["GET"]}}],"collection":[{"href":"https:\/\/blogdorogeriogomes.com.br\/noticias\/wp-json\/wp\/v2\/posts"}],"about":[{"href":"https:\/\/blogdorogeriogomes.com.br\/noticias\/wp-json\/wp\/v2\/types\/post"}],"author":[{"embeddable":true,"href":"https:\/\/blogdorogeriogomes.com.br\/noticias\/wp-json\/wp\/v2\/users\/1"}],"replies":[{"embeddable":true,"href":"https:\/\/blogdorogeriogomes.com.br\/noticias\/wp-json\/wp\/v2\/comments?post=15232"}],"version-history":[{"count":1,"href":"https:\/\/blogdorogeriogomes.com.br\/noticias\/wp-json\/wp\/v2\/posts\/15232\/revisions"}],"predecessor-version":[{"id":15234,"href":"https:\/\/blogdorogeriogomes.com.br\/noticias\/wp-json\/wp\/v2\/posts\/15232\/revisions\/15234"}],"wp:featuredmedia":[{"embeddable":true,"href":"https:\/\/blogdorogeriogomes.com.br\/noticias\/wp-json\/wp\/v2\/media\/15233"}],"wp:attachment":[{"href":"https:\/\/blogdorogeriogomes.com.br\/noticias\/wp-json\/wp\/v2\/media?parent=15232"}],"wp:term":[{"taxonomy":"category","embeddable":true,"href":"https:\/\/blogdorogeriogomes.com.br\/noticias\/wp-json\/wp\/v2\/categories?post=15232"},{"taxonomy":"post_tag","embeddable":true,"href":"https:\/\/blogdorogeriogomes.com.br\/noticias\/wp-json\/wp\/v2\/tags?post=15232"}],"curies":[{"name":"wp","href":"https:\/\/api.w.org\/{rel}","templated":true}]}}