{"id":15235,"date":"2020-01-07T08:28:27","date_gmt":"2020-01-07T08:28:27","guid":{"rendered":"http:\/\/blogdorogeriogomes.com.br\/?p=15235"},"modified":"2020-01-08T10:09:33","modified_gmt":"2020-01-08T10:09:33","slug":"prefeitura-decide-manter-valor-das-passagens-de-onibus-em-fortaleza-ate-o-fim-de-2020","status":"publish","type":"post","link":"https:\/\/blogdorogeriogomes.com.br\/noticias\/2020\/01\/prefeitura-decide-manter-valor-das-passagens-de-onibus-em-fortaleza-ate-o-fim-de-2020\/","title":{"rendered":"Prefeitura decide manter valor das passagens de \u00f4nibus em Fortaleza at\u00e9 o fim de 2020"},"content":{"rendered":"\n<p>Reuni\u00e3o entre a Etufor e representantes do Sindionibus, em Fortaleza, discutiu um poss\u00edvel reajuste das passagens de \u00f4nibus na Capital. Apesar de uma planilha de custos apresentada pelos empres\u00e1rios, a Prefeitura de Fortaleza decidiu manter o atual valor das passagens do transporte coletivo at\u00e9 o fim de 2020. Hoje, o valor da inteira \u00e9 de R$ 3,60.<br>\nA proposta apresentada pelo Sindionibus era de um aumento de at\u00e9 seis centavos no valor da passagem. A not\u00edcia n\u00e3o deixa de ser boa para o usu\u00e1rio do transporte coletivo da Capital. No entanto \u00e9 bom ficar de olho na crise internacional entre Estados Unidos e Ir\u00e3, que pode resultar na eleva\u00e7\u00e3o do pre\u00e7o do petr\u00f3leo e o consequente reajuste no pre\u00e7o dos combust\u00edveis no Pa\u00eds.<\/p>\n\n\n\n<figure class=\"wp-block-gallery columns-1 is-cropped wp-block-gallery-1 is-layout-flex wp-block-gallery-is-layout-flex\"><ul class=\"blocks-gallery-grid\"><li class=\"blocks-gallery-item\"><figure><img loading=\"lazy\" decoding=\"async\" width=\"507\" height=\"452\" src=\"http:\/\/blogdorogeriogomes.com.br\/wp-content\/uploads\/2020\/01\/IMG_20200107_052433_692.jpg\" alt=\"\" data-id=\"15236\" data-full-url=\"http:\/\/blogdorogeriogomes.com.br\/wp-content\/uploads\/2020\/01\/IMG_20200107_052433_692.jpg\" data-link=\"http:\/\/blogdorogeriogomes.com.br\/?attachment_id=15236\" class=\"wp-image-15236\" srcset=\"https:\/\/blogdorogeriogomes.com.br\/noticias\/wp-content\/uploads\/2020\/01\/IMG_20200107_052433_692.jpg 507w, https:\/\/blogdorogeriogomes.com.br\/noticias\/wp-content\/uploads\/2020\/01\/IMG_20200107_052433_692-300x267.jpg 300w\" sizes=\"auto, (max-width: 507px) 100vw, 507px\" \/><\/figure><\/li><\/ul><\/figure>\n","protected":false},"excerpt":{"rendered":"<p>Reuni\u00e3o entre a Etufor e representantes do Sindionibus, em Fortaleza, discutiu um poss\u00edvel reajuste das passagens de \u00f4nibus na Capital. Apesar de uma planilha de custos apresentada pelos empres\u00e1rios, a Prefeitura de Fortaleza decidiu manter o atual valor das passagens do transporte coletivo at\u00e9 o fim de 2020. Hoje, o valor da inteira \u00e9 de R$ 3,60. A proposta apresentada pelo Sindionibus era de um aumento de at\u00e9 seis centavos no valor da passagem. A not\u00edcia n\u00e3o deixa de&hellip;<\/p>\n","protected":false},"author":1,"featured_media":15236,"comment_status":"open","ping_status":"open","sticky":false,"template":"","format":"standard","meta":{"footnotes":""},"categories":[1],"tags":[],"class_list":["post-15235","post","type-post","status-publish","format-standard","has-post-thumbnail","hentry","category-noticias"],"_links":{"self":[{"href":"https:\/\/blogdorogeriogomes.com.br\/noticias\/wp-json\/wp\/v2\/posts\/15235","targetHints":{"allow":["GET"]}}],"collection":[{"href":"https:\/\/blogdorogeriogomes.com.br\/noticias\/wp-json\/wp\/v2\/posts"}],"about":[{"href":"https:\/\/blogdorogeriogomes.com.br\/noticias\/wp-json\/wp\/v2\/types\/post"}],"author":[{"embeddable":true,"href":"https:\/\/blogdorogeriogomes.com.br\/noticias\/wp-json\/wp\/v2\/users\/1"}],"replies":[{"embeddable":true,"href":"https:\/\/blogdorogeriogomes.com.br\/noticias\/wp-json\/wp\/v2\/comments?post=15235"}],"version-history":[{"count":1,"href":"https:\/\/blogdorogeriogomes.com.br\/noticias\/wp-json\/wp\/v2\/posts\/15235\/revisions"}],"predecessor-version":[{"id":15237,"href":"https:\/\/blogdorogeriogomes.com.br\/noticias\/wp-json\/wp\/v2\/posts\/15235\/revisions\/15237"}],"wp:featuredmedia":[{"embeddable":true,"href":"https:\/\/blogdorogeriogomes.com.br\/noticias\/wp-json\/wp\/v2\/media\/15236"}],"wp:attachment":[{"href":"https:\/\/blogdorogeriogomes.com.br\/noticias\/wp-json\/wp\/v2\/media?parent=15235"}],"wp:term":[{"taxonomy":"category","embeddable":true,"href":"https:\/\/blogdorogeriogomes.com.br\/noticias\/wp-json\/wp\/v2\/categories?post=15235"},{"taxonomy":"post_tag","embeddable":true,"href":"https:\/\/blogdorogeriogomes.com.br\/noticias\/wp-json\/wp\/v2\/tags?post=15235"}],"curies":[{"name":"wp","href":"https:\/\/api.w.org\/{rel}","templated":true}]}}