{"id":15238,"date":"2020-01-07T21:13:25","date_gmt":"2020-01-07T21:13:25","guid":{"rendered":"http:\/\/blogdorogeriogomes.com.br\/?p=15238"},"modified":"2020-01-08T10:09:39","modified_gmt":"2020-01-08T10:09:39","slug":"ginasio-aecio-de-borba-vai-passar-por-obras-de-requalificacao-a-partir-desta-quarta-feira","status":"publish","type":"post","link":"https:\/\/blogdorogeriogomes.com.br\/noticias\/2020\/01\/ginasio-aecio-de-borba-vai-passar-por-obras-de-requalificacao-a-partir-desta-quarta-feira\/","title":{"rendered":"Gin\u00e1sio A\u00e9cio de Borba vai passar por obras de requalifica\u00e7\u00e3o a partir desta quarta-feira"},"content":{"rendered":"\n<p>Conhecida pra\u00e7a esportiva de Fortaleza, principalmente dos torneios de futsal, o Gin\u00e1sio A\u00e9cio de Borba vai passar por reformas. O prefeito Roberto Cl\u00e1udio autoriza, nesta quarta-feira, dia 8 de janeiro, o in\u00edcio das obras de requalifica\u00e7\u00e3o do gin\u00e1sio localizado no bairro Benfica.<br>\nCom investimentos de R$ 1,7 milh\u00e3o, o projeto prev\u00ea reforma das arquibancadas, pintura da quadra e \u00e1rea externa do gin\u00e1sio, al\u00e9m da manuten\u00e7\u00e3o da estrutura met\u00e1lica da coberta.<br>\nO projeto prev\u00ea a inclus\u00e3o de um novo sistema de vigil\u00e2ncia com c\u00e2meras de videomonitoramento, um novo sistema de sonoriza\u00e7\u00e3o, sala de atendimento pr\u00e9-hospitalar e nova ilumina\u00e7\u00e3o LED.<\/p>\n\n\n\n<figure class=\"wp-block-gallery columns-1 is-cropped wp-block-gallery-1 is-layout-flex wp-block-gallery-is-layout-flex\"><ul class=\"blocks-gallery-grid\"><li class=\"blocks-gallery-item\"><figure><img loading=\"lazy\" decoding=\"async\" width=\"640\" height=\"480\" src=\"http:\/\/blogdorogeriogomes.com.br\/wp-content\/uploads\/2020\/01\/IMG_20200107_180433_987.jpg\" alt=\"\" data-id=\"15240\" data-full-url=\"http:\/\/blogdorogeriogomes.com.br\/wp-content\/uploads\/2020\/01\/IMG_20200107_180433_987.jpg\" data-link=\"http:\/\/blogdorogeriogomes.com.br\/2020\/01\/07\/ginasio-aecio-de-borba-vai-passar-por-obras-de-requalificacao-a-partir-desta-quarta-feira\/img_20200107_180433_987\/\" class=\"wp-image-15240\" srcset=\"https:\/\/blogdorogeriogomes.com.br\/noticias\/wp-content\/uploads\/2020\/01\/IMG_20200107_180433_987.jpg 640w, https:\/\/blogdorogeriogomes.com.br\/noticias\/wp-content\/uploads\/2020\/01\/IMG_20200107_180433_987-300x225.jpg 300w, https:\/\/blogdorogeriogomes.com.br\/noticias\/wp-content\/uploads\/2020\/01\/IMG_20200107_180433_987-400x300.jpg 400w\" sizes=\"auto, (max-width: 640px) 100vw, 640px\" \/><\/figure><\/li><\/ul><\/figure>\n","protected":false},"excerpt":{"rendered":"<p>Conhecida pra\u00e7a esportiva de Fortaleza, principalmente dos torneios de futsal, o Gin\u00e1sio A\u00e9cio de Borba vai passar por reformas. O prefeito Roberto Cl\u00e1udio autoriza, nesta quarta-feira, dia 8 de janeiro, o in\u00edcio das obras de requalifica\u00e7\u00e3o do gin\u00e1sio localizado no bairro Benfica. Com investimentos de R$ 1,7 milh\u00e3o, o projeto prev\u00ea reforma das arquibancadas, pintura da quadra e \u00e1rea externa do gin\u00e1sio, al\u00e9m da manuten\u00e7\u00e3o da estrutura met\u00e1lica da coberta. O projeto prev\u00ea a inclus\u00e3o de um novo sistema&hellip;<\/p>\n","protected":false},"author":1,"featured_media":15240,"comment_status":"open","ping_status":"open","sticky":false,"template":"","format":"standard","meta":{"footnotes":""},"categories":[1],"tags":[],"class_list":["post-15238","post","type-post","status-publish","format-standard","has-post-thumbnail","hentry","category-noticias"],"_links":{"self":[{"href":"https:\/\/blogdorogeriogomes.com.br\/noticias\/wp-json\/wp\/v2\/posts\/15238","targetHints":{"allow":["GET"]}}],"collection":[{"href":"https:\/\/blogdorogeriogomes.com.br\/noticias\/wp-json\/wp\/v2\/posts"}],"about":[{"href":"https:\/\/blogdorogeriogomes.com.br\/noticias\/wp-json\/wp\/v2\/types\/post"}],"author":[{"embeddable":true,"href":"https:\/\/blogdorogeriogomes.com.br\/noticias\/wp-json\/wp\/v2\/users\/1"}],"replies":[{"embeddable":true,"href":"https:\/\/blogdorogeriogomes.com.br\/noticias\/wp-json\/wp\/v2\/comments?post=15238"}],"version-history":[{"count":2,"href":"https:\/\/blogdorogeriogomes.com.br\/noticias\/wp-json\/wp\/v2\/posts\/15238\/revisions"}],"predecessor-version":[{"id":15241,"href":"https:\/\/blogdorogeriogomes.com.br\/noticias\/wp-json\/wp\/v2\/posts\/15238\/revisions\/15241"}],"wp:featuredmedia":[{"embeddable":true,"href":"https:\/\/blogdorogeriogomes.com.br\/noticias\/wp-json\/wp\/v2\/media\/15240"}],"wp:attachment":[{"href":"https:\/\/blogdorogeriogomes.com.br\/noticias\/wp-json\/wp\/v2\/media?parent=15238"}],"wp:term":[{"taxonomy":"category","embeddable":true,"href":"https:\/\/blogdorogeriogomes.com.br\/noticias\/wp-json\/wp\/v2\/categories?post=15238"},{"taxonomy":"post_tag","embeddable":true,"href":"https:\/\/blogdorogeriogomes.com.br\/noticias\/wp-json\/wp\/v2\/tags?post=15238"}],"curies":[{"name":"wp","href":"https:\/\/api.w.org\/{rel}","templated":true}]}}