{"id":15249,"date":"2020-01-08T08:31:12","date_gmt":"2020-01-08T08:31:12","guid":{"rendered":"http:\/\/blogdorogeriogomes.com.br\/?p=15249"},"modified":"2020-01-08T10:08:31","modified_gmt":"2020-01-08T10:08:31","slug":"estado-e-prefeitura-entregam-a-28a-areninha-de-fortaleza","status":"publish","type":"post","link":"https:\/\/blogdorogeriogomes.com.br\/noticias\/2020\/01\/estado-e-prefeitura-entregam-a-28a-areninha-de-fortaleza\/","title":{"rendered":"Estado e Prefeitura entregam a 28a areninha de Fortaleza"},"content":{"rendered":"\n<p>A Prefeitura de Fortaleza e o Governo do Estado inauguram, nesta quarta-feira, dia 8 de janeiro, a Areninha Lagoa do Urubu, no bairro Floresta. O equipamento \u00e9 a 28a areninha entregue em Fortaleza. A inaugura\u00e7\u00e3o contar\u00e1 com a presen\u00e7a do prefeito Roberto Cl\u00e1udio. A areninha foi constru\u00edda numa parceria entre Estado e Prefeitura.<br>\nCom o investimento de R$ 825 mil reais, o equipamento conta com gramado sint\u00e9tico, arquibancadas, refletores, vesti\u00e1rios, paisagismo, Academia ao Ar Livre, mesas para jogos e mobili\u00e1rios urbanos.<br>\nO Projeto Areninhas est\u00e1 requalificando campos de futebol em bairros com alto \u00edndice de vulnerabilidade social.<\/p>\n\n\n\n<figure class=\"wp-block-gallery columns-1 is-cropped wp-block-gallery-1 is-layout-flex wp-block-gallery-is-layout-flex\"><ul class=\"blocks-gallery-grid\"><li class=\"blocks-gallery-item\"><figure><img loading=\"lazy\" decoding=\"async\" width=\"1024\" height=\"604\" src=\"http:\/\/blogdorogeriogomes.com.br\/wp-content\/uploads\/2020\/01\/IMG_20200108_052724_243-1024x604.jpg\" alt=\"\" data-id=\"15250\" data-full-url=\"http:\/\/blogdorogeriogomes.com.br\/wp-content\/uploads\/2020\/01\/IMG_20200108_052724_243-scaled.jpg\" data-link=\"http:\/\/blogdorogeriogomes.com.br\/?attachment_id=15250\" class=\"wp-image-15250\" srcset=\"https:\/\/blogdorogeriogomes.com.br\/noticias\/wp-content\/uploads\/2020\/01\/IMG_20200108_052724_243-1024x604.jpg 1024w, https:\/\/blogdorogeriogomes.com.br\/noticias\/wp-content\/uploads\/2020\/01\/IMG_20200108_052724_243-300x177.jpg 300w, https:\/\/blogdorogeriogomes.com.br\/noticias\/wp-content\/uploads\/2020\/01\/IMG_20200108_052724_243-768x453.jpg 768w, https:\/\/blogdorogeriogomes.com.br\/noticias\/wp-content\/uploads\/2020\/01\/IMG_20200108_052724_243-1536x906.jpg 1536w, https:\/\/blogdorogeriogomes.com.br\/noticias\/wp-content\/uploads\/2020\/01\/IMG_20200108_052724_243-2048x1208.jpg 2048w, https:\/\/blogdorogeriogomes.com.br\/noticias\/wp-content\/uploads\/2020\/01\/IMG_20200108_052724_243-800x472.jpg 800w\" sizes=\"auto, (max-width: 1024px) 100vw, 1024px\" \/><\/figure><\/li><\/ul><\/figure>\n","protected":false},"excerpt":{"rendered":"<p>A Prefeitura de Fortaleza e o Governo do Estado inauguram, nesta quarta-feira, dia 8 de janeiro, a Areninha Lagoa do Urubu, no bairro Floresta. O equipamento \u00e9 a 28a areninha entregue em Fortaleza. A inaugura\u00e7\u00e3o contar\u00e1 com a presen\u00e7a do prefeito Roberto Cl\u00e1udio. A areninha foi constru\u00edda numa parceria entre Estado e Prefeitura. Com o investimento de R$ 825 mil reais, o equipamento conta com gramado sint\u00e9tico, arquibancadas, refletores, vesti\u00e1rios, paisagismo, Academia ao Ar Livre, mesas para jogos e&hellip;<\/p>\n","protected":false},"author":1,"featured_media":15250,"comment_status":"open","ping_status":"open","sticky":false,"template":"","format":"standard","meta":{"footnotes":""},"categories":[1],"tags":[],"class_list":["post-15249","post","type-post","status-publish","format-standard","has-post-thumbnail","hentry","category-noticias"],"_links":{"self":[{"href":"https:\/\/blogdorogeriogomes.com.br\/noticias\/wp-json\/wp\/v2\/posts\/15249","targetHints":{"allow":["GET"]}}],"collection":[{"href":"https:\/\/blogdorogeriogomes.com.br\/noticias\/wp-json\/wp\/v2\/posts"}],"about":[{"href":"https:\/\/blogdorogeriogomes.com.br\/noticias\/wp-json\/wp\/v2\/types\/post"}],"author":[{"embeddable":true,"href":"https:\/\/blogdorogeriogomes.com.br\/noticias\/wp-json\/wp\/v2\/users\/1"}],"replies":[{"embeddable":true,"href":"https:\/\/blogdorogeriogomes.com.br\/noticias\/wp-json\/wp\/v2\/comments?post=15249"}],"version-history":[{"count":1,"href":"https:\/\/blogdorogeriogomes.com.br\/noticias\/wp-json\/wp\/v2\/posts\/15249\/revisions"}],"predecessor-version":[{"id":15251,"href":"https:\/\/blogdorogeriogomes.com.br\/noticias\/wp-json\/wp\/v2\/posts\/15249\/revisions\/15251"}],"wp:featuredmedia":[{"embeddable":true,"href":"https:\/\/blogdorogeriogomes.com.br\/noticias\/wp-json\/wp\/v2\/media\/15250"}],"wp:attachment":[{"href":"https:\/\/blogdorogeriogomes.com.br\/noticias\/wp-json\/wp\/v2\/media?parent=15249"}],"wp:term":[{"taxonomy":"category","embeddable":true,"href":"https:\/\/blogdorogeriogomes.com.br\/noticias\/wp-json\/wp\/v2\/categories?post=15249"},{"taxonomy":"post_tag","embeddable":true,"href":"https:\/\/blogdorogeriogomes.com.br\/noticias\/wp-json\/wp\/v2\/tags?post=15249"}],"curies":[{"name":"wp","href":"https:\/\/api.w.org\/{rel}","templated":true}]}}