{"id":15252,"date":"2020-01-08T20:15:11","date_gmt":"2020-01-08T20:15:11","guid":{"rendered":"http:\/\/blogdorogeriogomes.com.br\/?p=15252"},"modified":"2020-01-09T19:25:53","modified_gmt":"2020-01-09T19:25:53","slug":"procon-fortaleza-inicia-operacao-acao-ferias-legal-para-atendimento-em-pontos-turisticos","status":"publish","type":"post","link":"https:\/\/blogdorogeriogomes.com.br\/noticias\/2020\/01\/procon-fortaleza-inicia-operacao-acao-ferias-legal-para-atendimento-em-pontos-turisticos\/","title":{"rendered":"Procon Fortaleza inicia opera\u00e7\u00e3o &#8220;A\u00e7\u00e3o F\u00e9rias Legal&#8221; para atendimento em pontos tur\u00edsticos"},"content":{"rendered":"\n<p>O Procon Fortaleza inicia nesta quinta-feira, dia 9 de janeiro, a opera\u00e7\u00e3o &#8220;A\u00e7\u00e3o F\u00e9rias Legal&#8221;, que vai percorrer pontos tur\u00edsticos da Capital com o objetivo de atender turistas e fortalezenses em rela\u00e7\u00e3o a reclama\u00e7\u00f5es quanto a qualquer desrespeito ao C\u00f3digo de Defesa do Consumidor.<br>\nA unidade m\u00f3vel do Procon Municipal vai percorrer locais como a Feirinha da Avenida Beira-Mar e o Mercado Central. O &#8220;A\u00e7\u00e3o F\u00e9rias Legal&#8221; ser\u00e1 realizado at\u00e9 o dia 18 de janeiro.<br>\nPara que o turista possa registrar a reclama\u00e7\u00e3o \u00e9 necess\u00e1rio estar em m\u00e3os com c\u00f3pia de documentos que comprovem a compra de algum produto ou aquisi\u00e7\u00e3o de algum servi\u00e7o, como nota ou cupom fiscal, recibos, contratos, extratos ou faturas, al\u00e9m de c\u00f3pia da documenta\u00e7\u00e3o pessoal.<\/p>\n\n\n\n<figure class=\"wp-block-gallery columns-1 is-cropped wp-block-gallery-1 is-layout-flex wp-block-gallery-is-layout-flex\"><ul class=\"blocks-gallery-grid\"><li class=\"blocks-gallery-item\"><figure><img loading=\"lazy\" decoding=\"async\" width=\"679\" height=\"451\" src=\"http:\/\/blogdorogeriogomes.com.br\/wp-content\/uploads\/2020\/01\/IMG_20200108_171011_075.jpg\" alt=\"\" data-id=\"15253\" data-full-url=\"http:\/\/blogdorogeriogomes.com.br\/wp-content\/uploads\/2020\/01\/IMG_20200108_171011_075.jpg\" data-link=\"http:\/\/blogdorogeriogomes.com.br\/?attachment_id=15253\" class=\"wp-image-15253\" srcset=\"https:\/\/blogdorogeriogomes.com.br\/noticias\/wp-content\/uploads\/2020\/01\/IMG_20200108_171011_075.jpg 679w, https:\/\/blogdorogeriogomes.com.br\/noticias\/wp-content\/uploads\/2020\/01\/IMG_20200108_171011_075-300x199.jpg 300w\" sizes=\"auto, (max-width: 679px) 100vw, 679px\" \/><\/figure><\/li><\/ul><\/figure>\n","protected":false},"excerpt":{"rendered":"<p>O Procon Fortaleza inicia nesta quinta-feira, dia 9 de janeiro, a opera\u00e7\u00e3o &#8220;A\u00e7\u00e3o F\u00e9rias Legal&#8221;, que vai percorrer pontos tur\u00edsticos da Capital com o objetivo de atender turistas e fortalezenses em rela\u00e7\u00e3o a reclama\u00e7\u00f5es quanto a qualquer desrespeito ao C\u00f3digo de Defesa do Consumidor. A unidade m\u00f3vel do Procon Municipal vai percorrer locais como a Feirinha da Avenida Beira-Mar e o Mercado Central. O &#8220;A\u00e7\u00e3o F\u00e9rias Legal&#8221; ser\u00e1 realizado at\u00e9 o dia 18 de janeiro. Para que o turista&hellip;<\/p>\n","protected":false},"author":1,"featured_media":15253,"comment_status":"open","ping_status":"open","sticky":false,"template":"","format":"standard","meta":{"footnotes":""},"categories":[1],"tags":[],"class_list":["post-15252","post","type-post","status-publish","format-standard","has-post-thumbnail","hentry","category-noticias"],"_links":{"self":[{"href":"https:\/\/blogdorogeriogomes.com.br\/noticias\/wp-json\/wp\/v2\/posts\/15252","targetHints":{"allow":["GET"]}}],"collection":[{"href":"https:\/\/blogdorogeriogomes.com.br\/noticias\/wp-json\/wp\/v2\/posts"}],"about":[{"href":"https:\/\/blogdorogeriogomes.com.br\/noticias\/wp-json\/wp\/v2\/types\/post"}],"author":[{"embeddable":true,"href":"https:\/\/blogdorogeriogomes.com.br\/noticias\/wp-json\/wp\/v2\/users\/1"}],"replies":[{"embeddable":true,"href":"https:\/\/blogdorogeriogomes.com.br\/noticias\/wp-json\/wp\/v2\/comments?post=15252"}],"version-history":[{"count":1,"href":"https:\/\/blogdorogeriogomes.com.br\/noticias\/wp-json\/wp\/v2\/posts\/15252\/revisions"}],"predecessor-version":[{"id":15254,"href":"https:\/\/blogdorogeriogomes.com.br\/noticias\/wp-json\/wp\/v2\/posts\/15252\/revisions\/15254"}],"wp:featuredmedia":[{"embeddable":true,"href":"https:\/\/blogdorogeriogomes.com.br\/noticias\/wp-json\/wp\/v2\/media\/15253"}],"wp:attachment":[{"href":"https:\/\/blogdorogeriogomes.com.br\/noticias\/wp-json\/wp\/v2\/media?parent=15252"}],"wp:term":[{"taxonomy":"category","embeddable":true,"href":"https:\/\/blogdorogeriogomes.com.br\/noticias\/wp-json\/wp\/v2\/categories?post=15252"},{"taxonomy":"post_tag","embeddable":true,"href":"https:\/\/blogdorogeriogomes.com.br\/noticias\/wp-json\/wp\/v2\/tags?post=15252"}],"curies":[{"name":"wp","href":"https:\/\/api.w.org\/{rel}","templated":true}]}}